{"id":742,"date":"2020-04-26T18:40:08","date_gmt":"2020-04-26T21:40:08","guid":{"rendered":"https:\/\/www.neuroeducacaomusical.com.br\/?p=742"},"modified":"2020-04-26T18:40:08","modified_gmt":"2020-04-26T21:40:08","slug":"thomas-weelkes-madrigal-elisabetano","status":"publish","type":"post","link":"https:\/\/www.neuroeducacaomusical.com.br\/ead\/thomas-weelkes-madrigal-elisabetano\/","title":{"rendered":"Thomas Weelkes &#8211; Madrigal Elisabetano"},"content":{"rendered":"<p>Thomas\u00a0 Weelkes , considerado entre os mais importante madrigalista ingl\u00eas. Weelkes foi batizado na pequena igreja da vila de Elsted em Sussex em 25 de outubro 1576.\u00a0No final de 1598, com a idade prov\u00e1vel de 22, Weelkes foi nomeado organista da Winchester College, onde permaneceu por dois ou tr\u00eas anos.\u00a0Durante seu per\u00edodo de Winchester, Weelkes comp\u00f4s mais dois volumes de madrigais (1598, 1600). Ele obteve seu B. Mus. Grau de New College, Oxford, em 1602, e mudou-se para Chichester para assumir o cargo de organista e instrutor das coristas na Catedral, em algum momento entre outubro de 1601 e outubro de 1602.\u00a0O quarto e \u00faltimo volume dos Madrigais de Weelkes, publicado em 1608, traz uma p\u00e1gina de t\u00edtulo, onde ele se refere a si mesmo como um cavalheiro da Capela Real, no entanto, registros na pr\u00f3pria Capela Real n\u00e3o o mencionam, ent\u00e3o, ele pode ter sido um cavalheiro extra-ordin\u00e1rio &#8211; um daqueles que foram convidados a ficar at\u00e9 que um substituto permanente fosse encontrado.<\/p>\n<p>Thomas Weelkes \u00e9 mais conhecido por sua m\u00fasica vocal, especialmente seus madrigais e m\u00fasica de igreja. Weelkes escreveu servi\u00e7os mais anglicanos que qualquer outra grande compositor da \u00e9poca, principalmente para evensong. Muitos de seus hinos s\u00e3o hinos em verso, que teria adequado as pequenas for\u00e7as que ele estava escrevendo para a Catedral de Chichester.<\/p>\n<p>Weelkes era amigo do madrigalista Thomas Morley , que morreu em 1602, quando Weelkes estava em seus vinte e poucos anos (Weelkes comemorou sua morte, em um hino madrigal forma intitulado A lembran\u00e7a do meu amigo Thomas Morley, tamb\u00e9m conhecido como &#8220;A morte tem me Privado&#8221;). Seus pr\u00f3prios madrigais s\u00e3o muito crom\u00e1ticos e usam contrapontos org\u00e2nicos variados e ritmos n\u00e3o convencionais na sua constru\u00e7\u00e3o.<\/p>\n<p>Apenas uma pequena quantidade de m\u00fasica instrumental foi escrito por Weelkes, e n\u00e3o \u00e9 muito executada. Sua m\u00fasica consorte \u00e9 tudo em tom sombrio, contrastando com os madrigais muitas vezes alegres.<\/p>\n<p>&nbsp;<\/p>\n<h3><span style=\"color: #000080;\"><strong><span style=\"text-align: left; text-transform: none; text-indent: 0px; letter-spacing: normal; font-family: 'Linux Libertine','Georgia','Times',serif; font-size: 21px; font-style: normal; font-variant: normal; text-decoration: none; word-spacing: 0px; display: inline !important; white-space: normal; orphans: 2; float: none; -webkit-text-stroke-width: 0px; background-color: #ffffff;\">Principais obras<\/span><\/strong><\/span><\/h3>\n<ul>\n<li><i>Thule, the Period of Cosmography<\/i><\/li>\n<li><i>Like Two Proud Armies<\/i><\/li>\n<\/ul>\n<h3><\/h3>\n<h3><span style=\"color: #000080;\"><strong><span style=\"text-align: left; text-transform: none; text-indent: 0px; letter-spacing: normal; font-family: 'Linux Libertine','Georgia','Times',serif; font-size: 21px; font-style: normal; font-variant: normal; text-decoration: none; word-spacing: 0px; display: inline !important; white-space: normal; orphans: 2; float: none; -webkit-text-stroke-width: 0px; background-color: #ffffff;\">Bibliografia<\/span><\/strong><\/span><\/h3>\n<p>WADE-MATTHEWS, Max, THOMPSON, Wendy, <i>The Encyclopedia of Music &#8211; Instruments of the Orchestra and the Great Composers<\/i>, ondres, Ed. Hermes House, Anness Publishing, 2003\/2007.<\/p>\n<p>&nbsp;<\/p>\n<h3><span style=\"color: #000080;\">Audios<\/span><\/h3>\n<div style=\"width: 640px;\" class=\"wp-video\"><!--[if lt IE 9]><script>document.createElement('video');<\/script><![endif]-->\n<video class=\"wp-video-shortcode\" id=\"video-742-1\" width=\"640\" height=\"480\" preload=\"metadata\" controls=\"controls\"><source type=\"video\/mp4\" src=\"https:\/\/www.neuroeducacaomusical.com.br\/wp-content\/uploads\/2020\/04\/y2mate.com-As-Vesta-was-from-Latmos-hill-descending-Weelkes_95DJ7oqTWK8_1080p.mp4?_=1\" \/><a href=\"https:\/\/www.neuroeducacaomusical.com.br\/wp-content\/uploads\/2020\/04\/y2mate.com-As-Vesta-was-from-Latmos-hill-descending-Weelkes_95DJ7oqTWK8_1080p.mp4\">https:\/\/www.neuroeducacaomusical.com.br\/wp-content\/uploads\/2020\/04\/y2mate.com-As-Vesta-was-from-Latmos-hill-descending-Weelkes_95DJ7oqTWK8_1080p.mp4<\/a><\/video><\/div>\n<p>&nbsp;<\/p>\n<div style=\"width: 450px;\" class=\"wp-video\"><video class=\"wp-video-shortcode\" id=\"video-742-2\" width=\"450\" height=\"360\" preload=\"metadata\" controls=\"controls\"><source type=\"video\/mp4\" src=\"https:\/\/www.neuroeducacaomusical.com.br\/wp-content\/uploads\/2020\/04\/y2mate.com-Central-Parque-Anap_lRXWvENABRM_360p.mp4?_=2\" \/><a href=\"https:\/\/www.neuroeducacaomusical.com.br\/wp-content\/uploads\/2020\/04\/y2mate.com-Central-Parque-Anap_lRXWvENABRM_360p.mp4\">https:\/\/www.neuroeducacaomusical.com.br\/wp-content\/uploads\/2020\/04\/y2mate.com-Central-Parque-Anap_lRXWvENABRM_360p.mp4<\/a><\/video><\/div>\n","protected":false},"excerpt":{"rendered":"<p>Thomas\u00a0 Weelkes , considerado entre os mais importante madrigalista ingl\u00eas. Weelkes foi batizado na pequena igreja da vila de Elsted em Sussex em 25 de outubro 1576.\u00a0No final de 1598, com a idade prov\u00e1vel de 22, Weelkes foi nomeado organista da Winchester College, onde permaneceu por dois ou tr\u00eas anos.\u00a0Durante&#8230;<\/p>\n","protected":false},"author":1,"featured_media":745,"comment_status":"open","ping_status":"open","sticky":false,"template":"","format":"standard","meta":{"_acf_changed":false,"footnotes":""},"categories":[2],"tags":[45,58,84],"acf":[],"_links":{"self":[{"href":"https:\/\/www.neuroeducacaomusical.com.br\/ead\/wp-json\/wp\/v2\/posts\/742"}],"collection":[{"href":"https:\/\/www.neuroeducacaomusical.com.br\/ead\/wp-json\/wp\/v2\/posts"}],"about":[{"href":"https:\/\/www.neuroeducacaomusical.com.br\/ead\/wp-json\/wp\/v2\/types\/post"}],"author":[{"embeddable":true,"href":"https:\/\/www.neuroeducacaomusical.com.br\/ead\/wp-json\/wp\/v2\/users\/1"}],"replies":[{"embeddable":true,"href":"https:\/\/www.neuroeducacaomusical.com.br\/ead\/wp-json\/wp\/v2\/comments?post=742"}],"version-history":[{"count":0,"href":"https:\/\/www.neuroeducacaomusical.com.br\/ead\/wp-json\/wp\/v2\/posts\/742\/revisions"}],"wp:featuredmedia":[{"embeddable":true,"href":"https:\/\/www.neuroeducacaomusical.com.br\/ead\/wp-json\/wp\/v2\/media\/745"}],"wp:attachment":[{"href":"https:\/\/www.neuroeducacaomusical.com.br\/ead\/wp-json\/wp\/v2\/media?parent=742"}],"wp:term":[{"taxonomy":"category","embeddable":true,"href":"https:\/\/www.neuroeducacaomusical.com.br\/ead\/wp-json\/wp\/v2\/categories?post=742"},{"taxonomy":"post_tag","embeddable":true,"href":"https:\/\/www.neuroeducacaomusical.com.br\/ead\/wp-json\/wp\/v2\/tags?post=742"}],"curies":[{"name":"wp","href":"https:\/\/api.w.org\/{rel}","templated":true}]}}