{"id":692,"date":"2020-04-14T21:42:52","date_gmt":"2020-04-15T00:42:52","guid":{"rendered":"https:\/\/www.neuroeducacaomusical.com.br\/?p=692"},"modified":"2020-04-14T21:42:52","modified_gmt":"2020-04-15T00:42:52","slug":"um-novo-tempo","status":"publish","type":"post","link":"https:\/\/www.neuroeducacaomusical.com.br\/ead\/um-novo-tempo\/","title":{"rendered":"Um novo tempo"},"content":{"rendered":"<h3>Um novo tempo. O ano chegou e com ele um v\u00edrus que dominou o mundo. Projetos cancelados, sonhos adiados, tudo tra\u00e7ado e ao mesmo tempo paralisado. Nesta reclus\u00e3o percebemos que somos totalmente limitados e suscet\u00edveis. Percebemos que n\u00e3o temos o controle de nada e nada est\u00e1 no controle. Enxergamos, alguns sim, outros insistem em n\u00e3o ver, que o Ser emerge ao Ter.<\/h3>\n<p>&nbsp;<\/p>\n<p>&nbsp;<\/p>\n<h3><\/h3>\n<h3>Neste isolamento, contemplamos super her\u00f3is reais, longes das grandes telas, alguns, pertinho de n\u00f3s, n\u00e3o \u00e9 mesmo? Uma mensagem de carinho, um sorriso, um telefonema dizendo que est\u00e1 ali pronto para o precisar.. nos reinventamos. Nos resignificamos.<\/h3>\n<p>&nbsp;<\/p>\n<p>&nbsp;<\/p>\n<h3><\/h3>\n<h3>Que esta li\u00e7\u00e3o seja aplicada em amor, em equidade, com olhos de paz e n\u00e3o de guerra. Que o abra\u00e7o aconte\u00e7a dentro de nossos lares, que os filhos reconhe\u00e7am seus pais, os respeitem e os amem. Que os pais, conhe\u00e7am seus filhos e percebam que est\u00e3o crescendo, que precisam de cuidados e presen\u00e7a muito mais do que ter. H\u00e1, o ter!!!<\/h3>\n<p>&nbsp;<\/p>\n<p>&nbsp;<\/p>\n<p>&nbsp;<\/p>\n<h3><\/h3>\n<h3>Pais foram ressuscitados neste isolamento. Haviam filhos \u00f3rf\u00e3os de pais vivos e vice versa. Agora, eles se reencontram. H\u00e1 um reencontro nos lares, nas fam\u00edlias, nos cora\u00e7\u00f5es. Que fa\u00e7amos deste isolamento um degrau para novas conquistas na certeza de que tudo ir\u00e1 passar, por\u00e9m, o essencial deve ser mantido para sempre em nossos cora\u00e7\u00f5es.<\/h3>\n<p>&nbsp;<\/p>\n<p>&nbsp;<\/p>\n<p>&nbsp;<\/p>\n<h3><\/h3>\n<p><strong>J\u00falia Holanda &#8211; Musicista, Pedagoga, P\u00f3s graduada em Neuropsicopedagogia, Musicaliza\u00e7\u00e3o Infantil e Neuroeduca\u00e7\u00e3o Musical. P\u00f3s Graduanda em Musicoterapia, Mestranda em Educa\u00e7\u00e3o e Diretora da Holanda Centro de Educa\u00e7\u00e3o Musical Goi\u00e2nia \/ GO<\/strong><\/p>\n","protected":false},"excerpt":{"rendered":"<p>Um novo tempo. O ano chegou e com ele um v\u00edrus que dominou o mundo. Projetos cancelados, sonhos adiados, tudo tra\u00e7ado e ao mesmo tempo paralisado. Nesta reclus\u00e3o percebemos que somos totalmente limitados e suscet\u00edveis. Percebemos que n\u00e3o temos o controle de nada e nada est\u00e1 no controle. Enxergamos, alguns&#8230;<\/p>\n","protected":false},"author":1,"featured_media":693,"comment_status":"open","ping_status":"open","sticky":false,"template":"","format":"standard","meta":{"_acf_changed":false,"footnotes":""},"categories":[2],"tags":[],"acf":[],"_links":{"self":[{"href":"https:\/\/www.neuroeducacaomusical.com.br\/ead\/wp-json\/wp\/v2\/posts\/692"}],"collection":[{"href":"https:\/\/www.neuroeducacaomusical.com.br\/ead\/wp-json\/wp\/v2\/posts"}],"about":[{"href":"https:\/\/www.neuroeducacaomusical.com.br\/ead\/wp-json\/wp\/v2\/types\/post"}],"author":[{"embeddable":true,"href":"https:\/\/www.neuroeducacaomusical.com.br\/ead\/wp-json\/wp\/v2\/users\/1"}],"replies":[{"embeddable":true,"href":"https:\/\/www.neuroeducacaomusical.com.br\/ead\/wp-json\/wp\/v2\/comments?post=692"}],"version-history":[{"count":0,"href":"https:\/\/www.neuroeducacaomusical.com.br\/ead\/wp-json\/wp\/v2\/posts\/692\/revisions"}],"wp:featuredmedia":[{"embeddable":true,"href":"https:\/\/www.neuroeducacaomusical.com.br\/ead\/wp-json\/wp\/v2\/media\/693"}],"wp:attachment":[{"href":"https:\/\/www.neuroeducacaomusical.com.br\/ead\/wp-json\/wp\/v2\/media?parent=692"}],"wp:term":[{"taxonomy":"category","embeddable":true,"href":"https:\/\/www.neuroeducacaomusical.com.br\/ead\/wp-json\/wp\/v2\/categories?post=692"},{"taxonomy":"post_tag","embeddable":true,"href":"https:\/\/www.neuroeducacaomusical.com.br\/ead\/wp-json\/wp\/v2\/tags?post=692"}],"curies":[{"name":"wp","href":"https:\/\/api.w.org\/{rel}","templated":true}]}}