{"id":665,"date":"2020-02-17T10:58:44","date_gmt":"2020-02-17T13:58:44","guid":{"rendered":"https:\/\/www.neuroeducacaomusical.com.br\/?p=665"},"modified":"2020-02-17T10:58:44","modified_gmt":"2020-02-17T13:58:44","slug":"curso-de-musicalizacao-para-professores-com-breeze-rosa-em-goiania","status":"publish","type":"post","link":"https:\/\/www.neuroeducacaomusical.com.br\/ead\/curso-de-musicalizacao-para-professores-com-breeze-rosa-em-goiania\/","title":{"rendered":"Curso de Musicaliza\u00e7\u00e3o para Professores com Breeze Rosa em Goi\u00e2nia."},"content":{"rendered":"<p>O Workshop<br \/>\nO curso tem por objetivo compartilhar com os demais profissionais atividades para beb\u00eas e crian\u00e7as at\u00e9 4 anos. As atividades que ser\u00e3o trabalhadas foram criadas a partir de um objetivo espec\u00edfico de desenvolvimento, possibilitando a pr\u00e1tica da m\u00fasica na sala de aula atrav\u00e9s de a\u00e7\u00f5es l\u00fadicas, criativas, divertidas e inteligentes.<br \/>\nDirigido a: Educadores, professores de m\u00fasica e professores que atuam na \u00e1rea da educa\u00e7\u00e3o infantil.<\/p>\n","protected":false},"excerpt":{"rendered":"<p>O Workshop O curso tem por objetivo compartilhar com os demais profissionais atividades para beb\u00eas e crian\u00e7as at\u00e9 4 anos. As atividades que ser\u00e3o trabalhadas foram criadas a partir de um objetivo espec\u00edfico de desenvolvimento, possibilitando a pr\u00e1tica da m\u00fasica na sala de aula atrav\u00e9s de a\u00e7\u00f5es l\u00fadicas, criativas, divertidas&#8230;<\/p>\n","protected":false},"author":1,"featured_media":629,"comment_status":"open","ping_status":"open","sticky":false,"template":"","format":"standard","meta":{"_acf_changed":false,"footnotes":""},"categories":[4],"tags":[],"acf":[],"_links":{"self":[{"href":"https:\/\/www.neuroeducacaomusical.com.br\/ead\/wp-json\/wp\/v2\/posts\/665"}],"collection":[{"href":"https:\/\/www.neuroeducacaomusical.com.br\/ead\/wp-json\/wp\/v2\/posts"}],"about":[{"href":"https:\/\/www.neuroeducacaomusical.com.br\/ead\/wp-json\/wp\/v2\/types\/post"}],"author":[{"embeddable":true,"href":"https:\/\/www.neuroeducacaomusical.com.br\/ead\/wp-json\/wp\/v2\/users\/1"}],"replies":[{"embeddable":true,"href":"https:\/\/www.neuroeducacaomusical.com.br\/ead\/wp-json\/wp\/v2\/comments?post=665"}],"version-history":[{"count":0,"href":"https:\/\/www.neuroeducacaomusical.com.br\/ead\/wp-json\/wp\/v2\/posts\/665\/revisions"}],"wp:featuredmedia":[{"embeddable":true,"href":"https:\/\/www.neuroeducacaomusical.com.br\/ead\/wp-json\/wp\/v2\/media\/629"}],"wp:attachment":[{"href":"https:\/\/www.neuroeducacaomusical.com.br\/ead\/wp-json\/wp\/v2\/media?parent=665"}],"wp:term":[{"taxonomy":"category","embeddable":true,"href":"https:\/\/www.neuroeducacaomusical.com.br\/ead\/wp-json\/wp\/v2\/categories?post=665"},{"taxonomy":"post_tag","embeddable":true,"href":"https:\/\/www.neuroeducacaomusical.com.br\/ead\/wp-json\/wp\/v2\/tags?post=665"}],"curies":[{"name":"wp","href":"https:\/\/api.w.org\/{rel}","templated":true}]}}