{"id":662,"date":"2020-02-17T10:51:40","date_gmt":"2020-02-17T13:51:40","guid":{"rendered":"https:\/\/www.neuroeducacaomusical.com.br\/?p=662"},"modified":"2020-02-17T10:51:40","modified_gmt":"2020-02-17T13:51:40","slug":"capacitacao-de-professores-de-musica","status":"publish","type":"post","link":"https:\/\/www.neuroeducacaomusical.com.br\/ead\/capacitacao-de-professores-de-musica\/","title":{"rendered":"Capacita\u00e7\u00e3o de Professores de M\u00fasica"},"content":{"rendered":"<p>29\/02\/2020<\/p>\n<p>o9:00 \u00b4\u00e0s 17 : 00 horas<\/p>\n<p>Holanda Marista<\/p>\n<p>Goi\u00e2nia<\/p>\n<p>&nbsp;<\/p>\n<p>WhatsApp: 62 9 9304 5345<\/p>\n","protected":false},"excerpt":{"rendered":"<p>29\/02\/2020 o9:00 \u00b4\u00e0s 17 : 00 horas Holanda Marista Goi\u00e2nia &nbsp; WhatsApp: 62 9 9304 5345<\/p>\n","protected":false},"author":1,"featured_media":663,"comment_status":"open","ping_status":"open","sticky":false,"template":"","format":"standard","meta":{"_acf_changed":false,"footnotes":""},"categories":[4],"tags":[],"acf":[],"_links":{"self":[{"href":"https:\/\/www.neuroeducacaomusical.com.br\/ead\/wp-json\/wp\/v2\/posts\/662"}],"collection":[{"href":"https:\/\/www.neuroeducacaomusical.com.br\/ead\/wp-json\/wp\/v2\/posts"}],"about":[{"href":"https:\/\/www.neuroeducacaomusical.com.br\/ead\/wp-json\/wp\/v2\/types\/post"}],"author":[{"embeddable":true,"href":"https:\/\/www.neuroeducacaomusical.com.br\/ead\/wp-json\/wp\/v2\/users\/1"}],"replies":[{"embeddable":true,"href":"https:\/\/www.neuroeducacaomusical.com.br\/ead\/wp-json\/wp\/v2\/comments?post=662"}],"version-history":[{"count":0,"href":"https:\/\/www.neuroeducacaomusical.com.br\/ead\/wp-json\/wp\/v2\/posts\/662\/revisions"}],"wp:featuredmedia":[{"embeddable":true,"href":"https:\/\/www.neuroeducacaomusical.com.br\/ead\/wp-json\/wp\/v2\/media\/663"}],"wp:attachment":[{"href":"https:\/\/www.neuroeducacaomusical.com.br\/ead\/wp-json\/wp\/v2\/media?parent=662"}],"wp:term":[{"taxonomy":"category","embeddable":true,"href":"https:\/\/www.neuroeducacaomusical.com.br\/ead\/wp-json\/wp\/v2\/categories?post=662"},{"taxonomy":"post_tag","embeddable":true,"href":"https:\/\/www.neuroeducacaomusical.com.br\/ead\/wp-json\/wp\/v2\/tags?post=662"}],"curies":[{"name":"wp","href":"https:\/\/api.w.org\/{rel}","templated":true}]}}