{"id":647,"date":"2020-02-14T19:45:55","date_gmt":"2020-02-14T21:45:55","guid":{"rendered":"https:\/\/www.neuroeducacaomusical.com.br\/?p=647"},"modified":"2020-02-14T19:45:55","modified_gmt":"2020-02-14T21:45:55","slug":"mentoria-com-julia-holanda","status":"publish","type":"post","link":"https:\/\/www.neuroeducacaomusical.com.br\/ead\/mentoria-com-julia-holanda\/","title":{"rendered":"Mentoria com J\u00falia Holanda"},"content":{"rendered":"<p>Data: 18\/02\/2020<br \/>\nHor\u00e1rio: 08 \u00e0s 18 horas.<br \/>\nLocal :Conservat\u00f3rio Mozart<br \/>\nSalvador \/ Bahia<br \/>\nInforma\u00e7\u00f5es: 62 9 9304 5345<\/p>\n","protected":false},"excerpt":{"rendered":"<p>Data: 18\/02\/2020 Hor\u00e1rio: 08 \u00e0s 18 horas. Local :Conservat\u00f3rio Mozart Salvador \/ Bahia Informa\u00e7\u00f5es: 62 9 9304 5345<\/p>\n","protected":false},"author":1,"featured_media":626,"comment_status":"open","ping_status":"open","sticky":false,"template":"","format":"standard","meta":{"_acf_changed":false,"footnotes":""},"categories":[4],"tags":[42,61,66],"acf":[],"_links":{"self":[{"href":"https:\/\/www.neuroeducacaomusical.com.br\/ead\/wp-json\/wp\/v2\/posts\/647"}],"collection":[{"href":"https:\/\/www.neuroeducacaomusical.com.br\/ead\/wp-json\/wp\/v2\/posts"}],"about":[{"href":"https:\/\/www.neuroeducacaomusical.com.br\/ead\/wp-json\/wp\/v2\/types\/post"}],"author":[{"embeddable":true,"href":"https:\/\/www.neuroeducacaomusical.com.br\/ead\/wp-json\/wp\/v2\/users\/1"}],"replies":[{"embeddable":true,"href":"https:\/\/www.neuroeducacaomusical.com.br\/ead\/wp-json\/wp\/v2\/comments?post=647"}],"version-history":[{"count":0,"href":"https:\/\/www.neuroeducacaomusical.com.br\/ead\/wp-json\/wp\/v2\/posts\/647\/revisions"}],"wp:featuredmedia":[{"embeddable":true,"href":"https:\/\/www.neuroeducacaomusical.com.br\/ead\/wp-json\/wp\/v2\/media\/626"}],"wp:attachment":[{"href":"https:\/\/www.neuroeducacaomusical.com.br\/ead\/wp-json\/wp\/v2\/media?parent=647"}],"wp:term":[{"taxonomy":"category","embeddable":true,"href":"https:\/\/www.neuroeducacaomusical.com.br\/ead\/wp-json\/wp\/v2\/categories?post=647"},{"taxonomy":"post_tag","embeddable":true,"href":"https:\/\/www.neuroeducacaomusical.com.br\/ead\/wp-json\/wp\/v2\/tags?post=647"}],"curies":[{"name":"wp","href":"https:\/\/api.w.org\/{rel}","templated":true}]}}