{"id":508,"date":"2019-11-06T10:42:51","date_gmt":"2019-11-06T12:42:51","guid":{"rendered":"https:\/\/www.neuroeducacaomusical.com.br\/?p=508"},"modified":"2019-11-06T10:42:51","modified_gmt":"2019-11-06T12:42:51","slug":"sobre-as-apresentacoes-de-fim-de-ano-recital","status":"publish","type":"post","link":"https:\/\/www.neuroeducacaomusical.com.br\/ead\/sobre-as-apresentacoes-de-fim-de-ano-recital\/","title":{"rendered":"Sobre as Apresenta\u00e7\u00f5es de Fim de Ano &#8211; Recital"},"content":{"rendered":"<div dir=\"auto\">\n<div dir=\"auto\"><\/div>\n<div dir=\"auto\">Enfim chegou &#8230;O Recital de Final de Ano.<\/div>\n<div dir=\"auto\">Participar do Recital Anual n\u00e3o \u00e9 apenas levar o filho(a) para o palco e convidar a fam\u00edlia para prestigiar esse momento. \u00c9 muito mais que isso.<img decoding=\"async\" class=\"CToWUd\" src=\"https:\/\/mail.google.com\/mail\/e\/1f338\" alt=\"?\" data-goomoji=\"1f338\" data-image-whitelisted=\"\" \/><\/div>\n<div dir=\"auto\"><\/div>\n<div dir=\"auto\">\u00c9 se envolver com os preparativos, disparar o cora\u00e7\u00e3o na id\u00e9ia de estar no palco com o pequeno, preparar a roupa ou quem sabe, a fantasia, preparar os convites, ficar na d\u00favida de como o beb\u00ea ir\u00e1 reagir \u00e0 tudo, ao som, \u00e0 plateia, ao cen\u00e1rio, \u00e9 enviar mensagens lembrando infinitas vezes, o vov\u00f4, a vov\u00f3, os padrinhos, a melhor amiga, a bab\u00e1 que tanto ajudou nos cuidados e at\u00e9 participou de algumas aulinhas durante o ano letivo.\u2763\ufe0f<\/div>\n<div dir=\"auto\"><\/div>\n<div dir=\"auto\">Ir para o Recital n\u00e3o \u00e9 apenas pagar uma taxa para auxiliar nas despesas do evento, que s\u00e3o in\u00fameras, diga-se de passagem. \u00c9 celebrar o ANO, celebrar cada dia que voc\u00ea deixou tudo de lado e optou em \u201cestar na aula com seu beb\u00ea\u201d. \u00c9 comemorar a alegria de ter a oportunidade em um mundo t\u00e3o injusto e desigual de possibilitar a M\u00fasica ao seu filho (a). \u00c9 celebrar cada boleto pago. Celebrar o ano, a vida, a rotina escolar, a M\u00daSICA.<img decoding=\"async\" class=\"CToWUd\" src=\"https:\/\/mail.google.com\/mail\/e\/1f495\" alt=\"?\" data-goomoji=\"1f495\" data-image-whitelisted=\"\" \/><\/div>\n<div dir=\"auto\"><\/div>\n<div dir=\"auto\">\u00c9 se emocionar pelo filme que passa na cabe\u00e7a, entre eles, o tr\u00e2nsito, a febre que insistia em voltar, os dentinhos nascendo, o sono bem no hor\u00e1rio da aula, o carro que lhe deixou na m\u00e3o, a \u201cfechada\u201d do \u00f4nibus no caminho para a escola, o estacionamento lotado, as viagens a trabalho, cada viagem de UBER monitorada com o cora\u00e7\u00e3o apertado de quem n\u00e3o p\u00f4de estar presente naquele dia de aula . <img decoding=\"async\" class=\"CToWUd\" src=\"https:\/\/mail.google.com\/mail\/e\/1f339\" alt=\"?\" data-goomoji=\"1f339\" data-image-whitelisted=\"\" \/><\/div>\n<div dir=\"auto\"><\/div>\n<div dir=\"auto\">\u00c9 dizer \u00e0 professora, parab\u00e9ns pelo trabalho, estamos aqui para honr\u00e1-la. <img decoding=\"async\" class=\"CToWUd\" src=\"https:\/\/mail.google.com\/mail\/e\/1f3b6\" alt=\"?\" data-goomoji=\"1f3b6\" data-image-whitelisted=\"\" \/><\/div>\n<div dir=\"auto\"><\/div>\n<div dir=\"auto\">H\u00e1 &#8230; o RECITAL!!! Que privil\u00e9gio levar os pequenos ao Recital. \u00c9 o fechamento de um ciclo e eles precisam disso, mesmo pequenos, eles entendem, e como entendem o que acontece ao seu redor. E se o meu filho n\u00e3o se lembrar?\u00a0 Ele \u00e9 t\u00e3o pequeno &#8230;. N\u00e3o fale assim &#8230; de que somos constitu\u00eddos? De mem\u00f3rias, sejam elas afetivas, reais ou imagin\u00e1rias. As mem\u00f3rias forjam o ser humano que somos HOJE. Elas fazem parte do nosso presente.<img decoding=\"async\" class=\"CToWUd\" src=\"https:\/\/mail.google.com\/mail\/e\/1f607\" alt=\"?\" data-goomoji=\"1f607\" data-image-whitelisted=\"\" \/><\/div>\n<div dir=\"auto\"><\/div>\n<div dir=\"auto\">Jamais esquecerei todos os Recitais que participei e os que levei meus filhos como astros do dia. Sim. Eles s\u00e3o os artistas do \u201cdia\u201d e sentem isso &#8230; alguns timidamente, outros, euforicamente, mas uma coisa n\u00e3o podemos negar, jamais acontecer\u00e1 de forma rasa ou simplista. \u2b50\ufe0f<\/div>\n<div dir=\"auto\"><\/div>\n<div dir=\"auto\">Parab\u00e9ns aos papais, mam\u00e3es e respons\u00e1veis por celebrarem esse momento, o que para muitos \u00e9 intang\u00edvel e inacess\u00edvel. E viva o Recital Anual !. Espero lhe encontrar l\u00e1. <img decoding=\"async\" class=\"CToWUd\" src=\"https:\/\/mail.google.com\/mail\/e\/2764\" alt=\"\u2764\" data-goomoji=\"2764\" data-image-whitelisted=\"\" \/>\ufe0f<\/div>\n<div dir=\"auto\"><\/div>\n<div dir=\"auto\">J\u00falia Holanda &#8211; Musicista, Pedagoga, P\u00f3s Graduada em Neuopedagogia, Musicaliza\u00e7\u00e3o Infantil e Neuroeduca\u00e7\u00e3o Musical, P\u00f3s Graduanda em Musicoterapia , Mestranda em Educa\u00e7\u00e3o e propriet\u00e1ria da Holanda Centro de Educa\u00e7\u00e3o Musical.<\/div>\n<\/div>\n","protected":false},"excerpt":{"rendered":"<p>Enfim chegou &#8230;O Recital de Final de Ano. Participar do Recital Anual n\u00e3o \u00e9 apenas levar o filho(a) para o palco e convidar a fam\u00edlia para prestigiar esse momento. \u00c9 muito mais que isso. \u00c9 se envolver com os preparativos, disparar o cora\u00e7\u00e3o na id\u00e9ia de estar no palco com&#8230;<\/p>\n","protected":false},"author":1,"featured_media":509,"comment_status":"open","ping_status":"open","sticky":false,"template":"","format":"standard","meta":{"_acf_changed":false,"footnotes":""},"categories":[2],"tags":[63,77],"acf":[],"_links":{"self":[{"href":"https:\/\/www.neuroeducacaomusical.com.br\/ead\/wp-json\/wp\/v2\/posts\/508"}],"collection":[{"href":"https:\/\/www.neuroeducacaomusical.com.br\/ead\/wp-json\/wp\/v2\/posts"}],"about":[{"href":"https:\/\/www.neuroeducacaomusical.com.br\/ead\/wp-json\/wp\/v2\/types\/post"}],"author":[{"embeddable":true,"href":"https:\/\/www.neuroeducacaomusical.com.br\/ead\/wp-json\/wp\/v2\/users\/1"}],"replies":[{"embeddable":true,"href":"https:\/\/www.neuroeducacaomusical.com.br\/ead\/wp-json\/wp\/v2\/comments?post=508"}],"version-history":[{"count":0,"href":"https:\/\/www.neuroeducacaomusical.com.br\/ead\/wp-json\/wp\/v2\/posts\/508\/revisions"}],"wp:featuredmedia":[{"embeddable":true,"href":"https:\/\/www.neuroeducacaomusical.com.br\/ead\/wp-json\/wp\/v2\/media\/509"}],"wp:attachment":[{"href":"https:\/\/www.neuroeducacaomusical.com.br\/ead\/wp-json\/wp\/v2\/media?parent=508"}],"wp:term":[{"taxonomy":"category","embeddable":true,"href":"https:\/\/www.neuroeducacaomusical.com.br\/ead\/wp-json\/wp\/v2\/categories?post=508"},{"taxonomy":"post_tag","embeddable":true,"href":"https:\/\/www.neuroeducacaomusical.com.br\/ead\/wp-json\/wp\/v2\/tags?post=508"}],"curies":[{"name":"wp","href":"https:\/\/api.w.org\/{rel}","templated":true}]}}