{"id":486,"date":"2019-08-20T17:54:30","date_gmt":"2019-08-20T20:54:30","guid":{"rendered":"https:\/\/www.neuroeducacaomusical.com.br\/?p=486"},"modified":"2019-08-20T17:54:30","modified_gmt":"2019-08-20T20:54:30","slug":"a-musica-como-recurso-didatico-na-educacao-infantil-7","status":"publish","type":"post","link":"https:\/\/www.neuroeducacaomusical.com.br\/ead\/a-musica-como-recurso-didatico-na-educacao-infantil-7\/","title":{"rendered":"A M\u00fasica como Recurso Did\u00e1tico na Educa\u00e7\u00e3o Infantil"},"content":{"rendered":"<div class=\"rhc photoUfiContainer\" aria-busy=\"false\">\n<div id=\"fbPhotoSnowliftDetails\" class=\"_3t09 _6iil\">\n<div class=\"rhcHeader _72zz\">\n<div class=\"uiScrollableAreaContent\"><span id=\"fbPhotoSnowliftCaption\" class=\"fbPhotosPhotoCaption\" tabindex=\"0\" aria-live=\"polite\" data-ft=\"{&quot;tn&quot;:&quot;K&quot;}\"><span class=\"hasCaption\">A M\u00daSICA COMO RECURSO DID\u00c1TICO NA EDUCA\u00c7\u00c3O\u00a0 (atividades para trabalhar com crian\u00e7as de 3 a 10 anos) Dia : 14 de Setembro<\/span><\/span><\/div>\n<div class=\"uiScrollableAreaContent\"><span id=\"fbPhotoSnowliftCaption\" class=\"fbPhotosPhotoCaption\" tabindex=\"0\" aria-live=\"polite\" data-ft=\"{&quot;tn&quot;:&quot;K&quot;}\"><span class=\"hasCaption\">Local: Porto Alegre \/\u00a0 RS\u00a0<\/span><\/span><\/div>\n<div class=\"uiScrollableAreaContent\"><span id=\"fbPhotoSnowliftCaption\" class=\"fbPhotosPhotoCaption\" tabindex=\"0\" aria-live=\"polite\" data-ft=\"{&quot;tn&quot;:&quot;K&quot;}\"><span class=\"hasCaption\">Informa\u00e7\u00f5es: ( 54 ) 984022435 <\/span><\/span><\/div>\n<div class=\"uiScrollableAreaContent\"><span id=\"fbPhotoSnowliftCaption\" class=\"fbPhotosPhotoCaption\" tabindex=\"0\" aria-live=\"polite\" data-ft=\"{&quot;tn&quot;:&quot;K&quot;}\"><span class=\"hasCaption\">Email:\u00a0 primeirotomeducacaomusical<wbr \/>@uol.com.br<\/span><\/span><\/div>\n<\/div>\n<\/div>\n<\/div>\n","protected":false},"excerpt":{"rendered":"<p>A M\u00daSICA COMO RECURSO DID\u00c1TICO NA EDUCA\u00c7\u00c3O\u00a0 (atividades para trabalhar com crian\u00e7as de 3 a 10 anos) Dia : 14 de Setembro Local: Porto Alegre \/\u00a0 RS\u00a0 Informa\u00e7\u00f5es: ( 54 ) 984022435 Email:\u00a0 primeirotomeducacaomusical@uol.com.br<\/p>\n","protected":false},"author":1,"featured_media":487,"comment_status":"open","ping_status":"open","sticky":false,"template":"","format":"standard","meta":{"_acf_changed":false,"footnotes":""},"categories":[4],"tags":[30,66,78],"acf":[],"_links":{"self":[{"href":"https:\/\/www.neuroeducacaomusical.com.br\/ead\/wp-json\/wp\/v2\/posts\/486"}],"collection":[{"href":"https:\/\/www.neuroeducacaomusical.com.br\/ead\/wp-json\/wp\/v2\/posts"}],"about":[{"href":"https:\/\/www.neuroeducacaomusical.com.br\/ead\/wp-json\/wp\/v2\/types\/post"}],"author":[{"embeddable":true,"href":"https:\/\/www.neuroeducacaomusical.com.br\/ead\/wp-json\/wp\/v2\/users\/1"}],"replies":[{"embeddable":true,"href":"https:\/\/www.neuroeducacaomusical.com.br\/ead\/wp-json\/wp\/v2\/comments?post=486"}],"version-history":[{"count":0,"href":"https:\/\/www.neuroeducacaomusical.com.br\/ead\/wp-json\/wp\/v2\/posts\/486\/revisions"}],"wp:featuredmedia":[{"embeddable":true,"href":"https:\/\/www.neuroeducacaomusical.com.br\/ead\/wp-json\/wp\/v2\/media\/487"}],"wp:attachment":[{"href":"https:\/\/www.neuroeducacaomusical.com.br\/ead\/wp-json\/wp\/v2\/media?parent=486"}],"wp:term":[{"taxonomy":"category","embeddable":true,"href":"https:\/\/www.neuroeducacaomusical.com.br\/ead\/wp-json\/wp\/v2\/categories?post=486"},{"taxonomy":"post_tag","embeddable":true,"href":"https:\/\/www.neuroeducacaomusical.com.br\/ead\/wp-json\/wp\/v2\/tags?post=486"}],"curies":[{"name":"wp","href":"https:\/\/api.w.org\/{rel}","templated":true}]}}