{"id":472,"date":"2019-07-29T16:50:54","date_gmt":"2019-07-29T19:50:54","guid":{"rendered":"https:\/\/www.neuroeducacaomusical.com.br\/?p=472"},"modified":"2019-07-29T16:50:54","modified_gmt":"2019-07-29T19:50:54","slug":"aula-aberta-fundamentos-da-musicoterapia-ii","status":"publish","type":"post","link":"https:\/\/www.neuroeducacaomusical.com.br\/ead\/aula-aberta-fundamentos-da-musicoterapia-ii\/","title":{"rendered":"Aula aberta Fundamentos da Musicoterapia II"},"content":{"rendered":"<p>P\u00f3s Gradua\u00e7\u00e3o em Musicoterapia \/ Goi\u00e1s<\/p>\n<p>Venha conhecer nossa turma! Ainda da tempo de matricular se !<\/p>\n<div class=\"text_exposed_show\">\n<p>Informa\u00e7\u00f5es: 62 99923 3332<\/p>\n<\/div>\n","protected":false},"excerpt":{"rendered":"<p>P\u00f3s Gradua\u00e7\u00e3o em Musicoterapia \/ Goi\u00e1s Venha conhecer nossa turma! Ainda da tempo de matricular se ! Informa\u00e7\u00f5es: 62 99923 3332<\/p>\n","protected":false},"author":1,"featured_media":473,"comment_status":"open","ping_status":"open","sticky":false,"template":"","format":"standard","meta":{"_acf_changed":false,"footnotes":""},"categories":[4],"tags":[67],"acf":[],"_links":{"self":[{"href":"https:\/\/www.neuroeducacaomusical.com.br\/ead\/wp-json\/wp\/v2\/posts\/472"}],"collection":[{"href":"https:\/\/www.neuroeducacaomusical.com.br\/ead\/wp-json\/wp\/v2\/posts"}],"about":[{"href":"https:\/\/www.neuroeducacaomusical.com.br\/ead\/wp-json\/wp\/v2\/types\/post"}],"author":[{"embeddable":true,"href":"https:\/\/www.neuroeducacaomusical.com.br\/ead\/wp-json\/wp\/v2\/users\/1"}],"replies":[{"embeddable":true,"href":"https:\/\/www.neuroeducacaomusical.com.br\/ead\/wp-json\/wp\/v2\/comments?post=472"}],"version-history":[{"count":0,"href":"https:\/\/www.neuroeducacaomusical.com.br\/ead\/wp-json\/wp\/v2\/posts\/472\/revisions"}],"wp:featuredmedia":[{"embeddable":true,"href":"https:\/\/www.neuroeducacaomusical.com.br\/ead\/wp-json\/wp\/v2\/media\/473"}],"wp:attachment":[{"href":"https:\/\/www.neuroeducacaomusical.com.br\/ead\/wp-json\/wp\/v2\/media?parent=472"}],"wp:term":[{"taxonomy":"category","embeddable":true,"href":"https:\/\/www.neuroeducacaomusical.com.br\/ead\/wp-json\/wp\/v2\/categories?post=472"},{"taxonomy":"post_tag","embeddable":true,"href":"https:\/\/www.neuroeducacaomusical.com.br\/ead\/wp-json\/wp\/v2\/tags?post=472"}],"curies":[{"name":"wp","href":"https:\/\/api.w.org\/{rel}","templated":true}]}}