{"id":465,"date":"2019-06-25T16:05:02","date_gmt":"2019-06-25T19:05:02","guid":{"rendered":"https:\/\/www.neuroeducacaomusical.com.br\/?p=465"},"modified":"2019-06-25T16:05:02","modified_gmt":"2019-06-25T19:05:02","slug":"pos-graduacao-em-musicoterapia","status":"publish","type":"post","link":"https:\/\/www.neuroeducacaomusical.com.br\/ead\/pos-graduacao-em-musicoterapia\/","title":{"rendered":"P\u00f3s Gradua\u00e7\u00e3o em Musicoterapia"},"content":{"rendered":"<p>Aula aberta: Fundamentos da Musicoterapia.<\/p>\n<p>Dia: 06 de julho (s\u00e1bado)<\/p>\n<p>Hor\u00e1rio: 08 \u00e1s 18 horas<\/p>\n<p>Local: Faccidade<\/p>\n<div class=\"text_exposed_show\">\n<p>Turma montada. Ainda d\u00e1 tempo de matricular se !<\/p>\n<p>Informa\u00e7\u00f5es: 62 99923 3332<\/p>\n<\/div>\n","protected":false},"excerpt":{"rendered":"<p>Aula aberta: Fundamentos da Musicoterapia. Dia: 06 de julho (s\u00e1bado) Hor\u00e1rio: 08 \u00e1s 18 horas Local: Faccidade Turma montada. Ainda d\u00e1 tempo de matricular se ! Informa\u00e7\u00f5es: 62 99923 3332<\/p>\n","protected":false},"author":1,"featured_media":466,"comment_status":"open","ping_status":"open","sticky":false,"template":"","format":"standard","meta":{"_acf_changed":false,"footnotes":""},"categories":[4],"tags":[67],"acf":[],"_links":{"self":[{"href":"https:\/\/www.neuroeducacaomusical.com.br\/ead\/wp-json\/wp\/v2\/posts\/465"}],"collection":[{"href":"https:\/\/www.neuroeducacaomusical.com.br\/ead\/wp-json\/wp\/v2\/posts"}],"about":[{"href":"https:\/\/www.neuroeducacaomusical.com.br\/ead\/wp-json\/wp\/v2\/types\/post"}],"author":[{"embeddable":true,"href":"https:\/\/www.neuroeducacaomusical.com.br\/ead\/wp-json\/wp\/v2\/users\/1"}],"replies":[{"embeddable":true,"href":"https:\/\/www.neuroeducacaomusical.com.br\/ead\/wp-json\/wp\/v2\/comments?post=465"}],"version-history":[{"count":0,"href":"https:\/\/www.neuroeducacaomusical.com.br\/ead\/wp-json\/wp\/v2\/posts\/465\/revisions"}],"wp:featuredmedia":[{"embeddable":true,"href":"https:\/\/www.neuroeducacaomusical.com.br\/ead\/wp-json\/wp\/v2\/media\/466"}],"wp:attachment":[{"href":"https:\/\/www.neuroeducacaomusical.com.br\/ead\/wp-json\/wp\/v2\/media?parent=465"}],"wp:term":[{"taxonomy":"category","embeddable":true,"href":"https:\/\/www.neuroeducacaomusical.com.br\/ead\/wp-json\/wp\/v2\/categories?post=465"},{"taxonomy":"post_tag","embeddable":true,"href":"https:\/\/www.neuroeducacaomusical.com.br\/ead\/wp-json\/wp\/v2\/tags?post=465"}],"curies":[{"name":"wp","href":"https:\/\/api.w.org\/{rel}","templated":true}]}}