{"id":460,"date":"2019-06-25T15:41:42","date_gmt":"2019-06-25T18:41:42","guid":{"rendered":"https:\/\/www.neuroeducacaomusical.com.br\/?p=460"},"modified":"2019-06-25T15:41:42","modified_gmt":"2019-06-25T18:41:42","slug":"a-musica-como-recurso-didatico-na-educacao-2","status":"publish","type":"post","link":"https:\/\/www.neuroeducacaomusical.com.br\/ead\/a-musica-como-recurso-didatico-na-educacao-2\/","title":{"rendered":"A m\u00fasica como recurso did\u00e1tico na educa\u00e7\u00e3o."},"content":{"rendered":"<p>Dia: 10\/08\/2019 (s\u00e1bado)<\/p>\n<p>Hor\u00e1rio: 09 \u00e0s 17 horas<\/p>\n<p>Local: Quirin\u00f3polis<\/p>\n<p><span id=\"fbPhotoSnowliftCaption\" class=\"fbPhotosPhotoCaption\" tabindex=\"0\" aria-live=\"polite\" data-ft=\"{&quot;tn&quot;:&quot;K&quot;}\"><span class=\"hasCaption\">P\u00fablico alvo: professores, psic\u00f3logos, fonoaudi\u00f3logos, T.O, psicomotricista, pais, professores de educa\u00e7\u00e3o f\u00edsica, m\u00fasica, brincantes, interessados em geral no uso da m\u00fasica como Recurso Did\u00e1tico na Educa\u00e7\u00e3o formal ou informal.<span class=\"text_exposed_show\"><\/p>\n<p><\/span><\/span><\/span>Informa\u00e7\u00f5es e inscri\u00e7\u00f5es: 64 98406 1671<\/p>\n","protected":false},"excerpt":{"rendered":"<p>Dia: 10\/08\/2019 (s\u00e1bado) Hor\u00e1rio: 09 \u00e0s 17 horas Local: Quirin\u00f3polis P\u00fablico alvo: professores, psic\u00f3logos, fonoaudi\u00f3logos, T.O, psicomotricista, pais, professores de educa\u00e7\u00e3o f\u00edsica, m\u00fasica, brincantes, interessados em geral no uso da m\u00fasica como Recurso Did\u00e1tico na Educa\u00e7\u00e3o formal ou informal. Informa\u00e7\u00f5es e inscri\u00e7\u00f5es: 64 98406 1671<\/p>\n","protected":false},"author":1,"featured_media":461,"comment_status":"open","ping_status":"open","sticky":false,"template":"","format":"standard","meta":{"_acf_changed":false,"footnotes":""},"categories":[4],"tags":[25,66,85],"acf":[],"_links":{"self":[{"href":"https:\/\/www.neuroeducacaomusical.com.br\/ead\/wp-json\/wp\/v2\/posts\/460"}],"collection":[{"href":"https:\/\/www.neuroeducacaomusical.com.br\/ead\/wp-json\/wp\/v2\/posts"}],"about":[{"href":"https:\/\/www.neuroeducacaomusical.com.br\/ead\/wp-json\/wp\/v2\/types\/post"}],"author":[{"embeddable":true,"href":"https:\/\/www.neuroeducacaomusical.com.br\/ead\/wp-json\/wp\/v2\/users\/1"}],"replies":[{"embeddable":true,"href":"https:\/\/www.neuroeducacaomusical.com.br\/ead\/wp-json\/wp\/v2\/comments?post=460"}],"version-history":[{"count":0,"href":"https:\/\/www.neuroeducacaomusical.com.br\/ead\/wp-json\/wp\/v2\/posts\/460\/revisions"}],"wp:featuredmedia":[{"embeddable":true,"href":"https:\/\/www.neuroeducacaomusical.com.br\/ead\/wp-json\/wp\/v2\/media\/461"}],"wp:attachment":[{"href":"https:\/\/www.neuroeducacaomusical.com.br\/ead\/wp-json\/wp\/v2\/media?parent=460"}],"wp:term":[{"taxonomy":"category","embeddable":true,"href":"https:\/\/www.neuroeducacaomusical.com.br\/ead\/wp-json\/wp\/v2\/categories?post=460"},{"taxonomy":"post_tag","embeddable":true,"href":"https:\/\/www.neuroeducacaomusical.com.br\/ead\/wp-json\/wp\/v2\/tags?post=460"}],"curies":[{"name":"wp","href":"https:\/\/api.w.org\/{rel}","templated":true}]}}