{"id":407,"date":"2019-05-15T19:26:03","date_gmt":"2019-05-15T22:26:03","guid":{"rendered":"https:\/\/www.neuroeducacaomusical.com.br\/?p=407"},"modified":"2019-05-15T19:26:03","modified_gmt":"2019-05-15T22:26:03","slug":"introducao-a-musicoterapia-conceitos-e-atuacao-profissional","status":"publish","type":"post","link":"https:\/\/www.neuroeducacaomusical.com.br\/ead\/introducao-a-musicoterapia-conceitos-e-atuacao-profissional\/","title":{"rendered":"Introdu\u00e7\u00e3o a Musicoterapia: Conceitos e Atua\u00e7\u00e3o Profissional."},"content":{"rendered":"<p>P\u00f3s Gradua\u00e7\u00e3o em Musicoterapia<\/p>\n<p>Dia: 08 de junho de 2019<\/p>\n<p>Hor\u00e1rio: 08:00 \u00e0s 18:00 horas<\/p>\n<p>Local: Faccidade \/ Aparecida de Goi\u00e2nia<\/p>\n<p>Informa\u00e7\u00f5es: 62 999233332<\/p>\n<p>&nbsp;<\/p>\n","protected":false},"excerpt":{"rendered":"<p>P\u00f3s Gradua\u00e7\u00e3o em Musicoterapia Dia: 08 de junho de 2019 Hor\u00e1rio: 08:00 \u00e0s 18:00 horas Local: Faccidade \/ Aparecida de Goi\u00e2nia Informa\u00e7\u00f5es: 62 999233332 &nbsp;<\/p>\n","protected":false},"author":1,"featured_media":408,"comment_status":"open","ping_status":"open","sticky":false,"template":"","format":"standard","meta":{"_acf_changed":false,"footnotes":""},"categories":[4],"tags":[67],"acf":[],"_links":{"self":[{"href":"https:\/\/www.neuroeducacaomusical.com.br\/ead\/wp-json\/wp\/v2\/posts\/407"}],"collection":[{"href":"https:\/\/www.neuroeducacaomusical.com.br\/ead\/wp-json\/wp\/v2\/posts"}],"about":[{"href":"https:\/\/www.neuroeducacaomusical.com.br\/ead\/wp-json\/wp\/v2\/types\/post"}],"author":[{"embeddable":true,"href":"https:\/\/www.neuroeducacaomusical.com.br\/ead\/wp-json\/wp\/v2\/users\/1"}],"replies":[{"embeddable":true,"href":"https:\/\/www.neuroeducacaomusical.com.br\/ead\/wp-json\/wp\/v2\/comments?post=407"}],"version-history":[{"count":0,"href":"https:\/\/www.neuroeducacaomusical.com.br\/ead\/wp-json\/wp\/v2\/posts\/407\/revisions"}],"wp:featuredmedia":[{"embeddable":true,"href":"https:\/\/www.neuroeducacaomusical.com.br\/ead\/wp-json\/wp\/v2\/media\/408"}],"wp:attachment":[{"href":"https:\/\/www.neuroeducacaomusical.com.br\/ead\/wp-json\/wp\/v2\/media?parent=407"}],"wp:term":[{"taxonomy":"category","embeddable":true,"href":"https:\/\/www.neuroeducacaomusical.com.br\/ead\/wp-json\/wp\/v2\/categories?post=407"},{"taxonomy":"post_tag","embeddable":true,"href":"https:\/\/www.neuroeducacaomusical.com.br\/ead\/wp-json\/wp\/v2\/tags?post=407"}],"curies":[{"name":"wp","href":"https:\/\/api.w.org\/{rel}","templated":true}]}}