{"id":374,"date":"2019-04-25T12:48:11","date_gmt":"2019-04-25T15:48:11","guid":{"rendered":"https:\/\/www.neuroeducacaomusical.com.br\/?p=374"},"modified":"2019-04-25T12:48:11","modified_gmt":"2019-04-25T15:48:11","slug":"musica-na-terceira-idade","status":"publish","type":"post","link":"https:\/\/www.neuroeducacaomusical.com.br\/ead\/musica-na-terceira-idade\/","title":{"rendered":"M\u00fasica na Terceira Idade"},"content":{"rendered":"<p>Dia : 08 de junho de 2019<\/p>\n<p>Hor\u00e1rio: 08:00 \u00e0s 18:00 horas<\/p>\n<p>Local: Rio de Janeiro<\/p>\n<p>Informa\u00e7\u00f5es: (21) 98235 &#8211; 2778<\/p>\n","protected":false},"excerpt":{"rendered":"<p>Dia : 08 de junho de 2019 Hor\u00e1rio: 08:00 \u00e0s 18:00 horas Local: Rio de Janeiro Informa\u00e7\u00f5es: (21) 98235 &#8211; 2778<\/p>\n","protected":false},"author":1,"featured_media":375,"comment_status":"open","ping_status":"open","sticky":false,"template":"","format":"standard","meta":{"_acf_changed":false,"footnotes":""},"categories":[4],"tags":[],"acf":[],"_links":{"self":[{"href":"https:\/\/www.neuroeducacaomusical.com.br\/ead\/wp-json\/wp\/v2\/posts\/374"}],"collection":[{"href":"https:\/\/www.neuroeducacaomusical.com.br\/ead\/wp-json\/wp\/v2\/posts"}],"about":[{"href":"https:\/\/www.neuroeducacaomusical.com.br\/ead\/wp-json\/wp\/v2\/types\/post"}],"author":[{"embeddable":true,"href":"https:\/\/www.neuroeducacaomusical.com.br\/ead\/wp-json\/wp\/v2\/users\/1"}],"replies":[{"embeddable":true,"href":"https:\/\/www.neuroeducacaomusical.com.br\/ead\/wp-json\/wp\/v2\/comments?post=374"}],"version-history":[{"count":0,"href":"https:\/\/www.neuroeducacaomusical.com.br\/ead\/wp-json\/wp\/v2\/posts\/374\/revisions"}],"wp:featuredmedia":[{"embeddable":true,"href":"https:\/\/www.neuroeducacaomusical.com.br\/ead\/wp-json\/wp\/v2\/media\/375"}],"wp:attachment":[{"href":"https:\/\/www.neuroeducacaomusical.com.br\/ead\/wp-json\/wp\/v2\/media?parent=374"}],"wp:term":[{"taxonomy":"category","embeddable":true,"href":"https:\/\/www.neuroeducacaomusical.com.br\/ead\/wp-json\/wp\/v2\/categories?post=374"},{"taxonomy":"post_tag","embeddable":true,"href":"https:\/\/www.neuroeducacaomusical.com.br\/ead\/wp-json\/wp\/v2\/tags?post=374"}],"curies":[{"name":"wp","href":"https:\/\/api.w.org\/{rel}","templated":true}]}}