{"id":368,"date":"2019-04-25T11:44:15","date_gmt":"2019-04-25T14:44:15","guid":{"rendered":"https:\/\/www.neuroeducacaomusical.com.br\/?p=368"},"modified":"2019-04-25T11:44:15","modified_gmt":"2019-04-25T14:44:15","slug":"a-musica-como-recurso-didatico-na-educacao","status":"publish","type":"post","link":"https:\/\/www.neuroeducacaomusical.com.br\/ead\/a-musica-como-recurso-didatico-na-educacao\/","title":{"rendered":"A M\u00fasica como Recurso Did\u00e1tico na Educa\u00e7\u00e3o"},"content":{"rendered":"<p>Dia: 27 de abril de 2019<\/p>\n<p>Hor\u00e1rio: 09:00 \u00e0s 17:00 horas<\/p>\n<p>Local: An\u00e1polis \/ Go<\/p>\n","protected":false},"excerpt":{"rendered":"<p>Dia: 27 de abril de 2019 Hor\u00e1rio: 09:00 \u00e0s 17:00 horas Local: An\u00e1polis \/ Go<\/p>\n","protected":false},"author":1,"featured_media":370,"comment_status":"open","ping_status":"open","sticky":false,"template":"","format":"standard","meta":{"_acf_changed":false,"footnotes":""},"categories":[4],"tags":[11],"acf":[],"_links":{"self":[{"href":"https:\/\/www.neuroeducacaomusical.com.br\/ead\/wp-json\/wp\/v2\/posts\/368"}],"collection":[{"href":"https:\/\/www.neuroeducacaomusical.com.br\/ead\/wp-json\/wp\/v2\/posts"}],"about":[{"href":"https:\/\/www.neuroeducacaomusical.com.br\/ead\/wp-json\/wp\/v2\/types\/post"}],"author":[{"embeddable":true,"href":"https:\/\/www.neuroeducacaomusical.com.br\/ead\/wp-json\/wp\/v2\/users\/1"}],"replies":[{"embeddable":true,"href":"https:\/\/www.neuroeducacaomusical.com.br\/ead\/wp-json\/wp\/v2\/comments?post=368"}],"version-history":[{"count":0,"href":"https:\/\/www.neuroeducacaomusical.com.br\/ead\/wp-json\/wp\/v2\/posts\/368\/revisions"}],"wp:featuredmedia":[{"embeddable":true,"href":"https:\/\/www.neuroeducacaomusical.com.br\/ead\/wp-json\/wp\/v2\/media\/370"}],"wp:attachment":[{"href":"https:\/\/www.neuroeducacaomusical.com.br\/ead\/wp-json\/wp\/v2\/media?parent=368"}],"wp:term":[{"taxonomy":"category","embeddable":true,"href":"https:\/\/www.neuroeducacaomusical.com.br\/ead\/wp-json\/wp\/v2\/categories?post=368"},{"taxonomy":"post_tag","embeddable":true,"href":"https:\/\/www.neuroeducacaomusical.com.br\/ead\/wp-json\/wp\/v2\/tags?post=368"}],"curies":[{"name":"wp","href":"https:\/\/api.w.org\/{rel}","templated":true}]}}