{"id":362,"date":"2019-04-25T11:33:10","date_gmt":"2019-04-25T14:33:10","guid":{"rendered":"https:\/\/www.neuroeducacaomusical.com.br\/?p=362"},"modified":"2019-04-25T11:33:10","modified_gmt":"2019-04-25T14:33:10","slug":"musicoterapia-biomedica-do-som-ao-movimento","status":"publish","type":"post","link":"https:\/\/www.neuroeducacaomusical.com.br\/ead\/musicoterapia-biomedica-do-som-ao-movimento\/","title":{"rendered":"Musicoterapia Biom\u00e9dica: do som ao movimento."},"content":{"rendered":"<p>Dia: 06 de abril de 2019<\/p>\n<p>Hor\u00e1rio: 08:00 \u00e0s 12:00 horas<\/p>\n<p>Local: Aparecida de Goi\u00e2nia<\/p>\n","protected":false},"excerpt":{"rendered":"<p>Dia: 06 de abril de 2019 Hor\u00e1rio: 08:00 \u00e0s 12:00 horas Local: Aparecida de Goi\u00e2nia<\/p>\n","protected":false},"author":1,"featured_media":363,"comment_status":"open","ping_status":"open","sticky":false,"template":"","format":"standard","meta":{"_acf_changed":false,"footnotes":""},"categories":[4],"tags":[67],"acf":[],"_links":{"self":[{"href":"https:\/\/www.neuroeducacaomusical.com.br\/ead\/wp-json\/wp\/v2\/posts\/362"}],"collection":[{"href":"https:\/\/www.neuroeducacaomusical.com.br\/ead\/wp-json\/wp\/v2\/posts"}],"about":[{"href":"https:\/\/www.neuroeducacaomusical.com.br\/ead\/wp-json\/wp\/v2\/types\/post"}],"author":[{"embeddable":true,"href":"https:\/\/www.neuroeducacaomusical.com.br\/ead\/wp-json\/wp\/v2\/users\/1"}],"replies":[{"embeddable":true,"href":"https:\/\/www.neuroeducacaomusical.com.br\/ead\/wp-json\/wp\/v2\/comments?post=362"}],"version-history":[{"count":0,"href":"https:\/\/www.neuroeducacaomusical.com.br\/ead\/wp-json\/wp\/v2\/posts\/362\/revisions"}],"wp:featuredmedia":[{"embeddable":true,"href":"https:\/\/www.neuroeducacaomusical.com.br\/ead\/wp-json\/wp\/v2\/media\/363"}],"wp:attachment":[{"href":"https:\/\/www.neuroeducacaomusical.com.br\/ead\/wp-json\/wp\/v2\/media?parent=362"}],"wp:term":[{"taxonomy":"category","embeddable":true,"href":"https:\/\/www.neuroeducacaomusical.com.br\/ead\/wp-json\/wp\/v2\/categories?post=362"},{"taxonomy":"post_tag","embeddable":true,"href":"https:\/\/www.neuroeducacaomusical.com.br\/ead\/wp-json\/wp\/v2\/tags?post=362"}],"curies":[{"name":"wp","href":"https:\/\/api.w.org\/{rel}","templated":true}]}}