{"id":340,"date":"2019-04-25T10:57:15","date_gmt":"2019-04-25T13:57:15","guid":{"rendered":"https:\/\/www.neuroeducacaomusical.com.br\/?p=340"},"modified":"2019-04-25T10:57:15","modified_gmt":"2019-04-25T13:57:15","slug":"oficinas-infantis-canto-da-primavera-2","status":"publish","type":"post","link":"https:\/\/www.neuroeducacaomusical.com.br\/ead\/oficinas-infantis-canto-da-primavera-2\/","title":{"rendered":"Oficinas Infantis \/ Canto da Primavera"},"content":{"rendered":"<p>Dias: 19 \u00e0 23 de setembro de 2018<\/p>\n<p>Hor\u00e1rios: 08:00 \u00e0s 12:00 \/ 14:00 \u00e0s 18:00 horas<\/p>\n<p>Local: Piren\u00f3polis<\/p>\n","protected":false},"excerpt":{"rendered":"<p>Dias: 19 \u00e0 23 de setembro de 2018 Hor\u00e1rios: 08:00 \u00e0s 12:00 \/ 14:00 \u00e0s 18:00 horas Local: Piren\u00f3polis<\/p>\n","protected":false},"author":1,"featured_media":341,"comment_status":"open","ping_status":"open","sticky":false,"template":"","format":"standard","meta":{"_acf_changed":false,"footnotes":""},"categories":[4],"tags":[],"acf":[],"_links":{"self":[{"href":"https:\/\/www.neuroeducacaomusical.com.br\/ead\/wp-json\/wp\/v2\/posts\/340"}],"collection":[{"href":"https:\/\/www.neuroeducacaomusical.com.br\/ead\/wp-json\/wp\/v2\/posts"}],"about":[{"href":"https:\/\/www.neuroeducacaomusical.com.br\/ead\/wp-json\/wp\/v2\/types\/post"}],"author":[{"embeddable":true,"href":"https:\/\/www.neuroeducacaomusical.com.br\/ead\/wp-json\/wp\/v2\/users\/1"}],"replies":[{"embeddable":true,"href":"https:\/\/www.neuroeducacaomusical.com.br\/ead\/wp-json\/wp\/v2\/comments?post=340"}],"version-history":[{"count":0,"href":"https:\/\/www.neuroeducacaomusical.com.br\/ead\/wp-json\/wp\/v2\/posts\/340\/revisions"}],"wp:featuredmedia":[{"embeddable":true,"href":"https:\/\/www.neuroeducacaomusical.com.br\/ead\/wp-json\/wp\/v2\/media\/341"}],"wp:attachment":[{"href":"https:\/\/www.neuroeducacaomusical.com.br\/ead\/wp-json\/wp\/v2\/media?parent=340"}],"wp:term":[{"taxonomy":"category","embeddable":true,"href":"https:\/\/www.neuroeducacaomusical.com.br\/ead\/wp-json\/wp\/v2\/categories?post=340"},{"taxonomy":"post_tag","embeddable":true,"href":"https:\/\/www.neuroeducacaomusical.com.br\/ead\/wp-json\/wp\/v2\/tags?post=340"}],"curies":[{"name":"wp","href":"https:\/\/api.w.org\/{rel}","templated":true}]}}