{"id":335,"date":"2019-04-25T10:52:53","date_gmt":"2019-04-25T13:52:53","guid":{"rendered":"https:\/\/www.neuroeducacaomusical.com.br\/?p=335"},"modified":"2019-04-25T10:52:53","modified_gmt":"2019-04-25T13:52:53","slug":"a-musica-como-recurso-didatico-para-o-pedagogo","status":"publish","type":"post","link":"https:\/\/www.neuroeducacaomusical.com.br\/ead\/a-musica-como-recurso-didatico-para-o-pedagogo\/","title":{"rendered":"A M\u00fasica como Recurso Did\u00e1tico para o Pedagogo"},"content":{"rendered":"<p>Dia: 11 de setembro de 2018<\/p>\n<p>Hor\u00e1rio: 19:00 \u00e0s 22:00 horas<\/p>\n<p>Local: Goian\u00e9sia \/ Go<\/p>\n","protected":false},"excerpt":{"rendered":"<p>Dia: 11 de setembro de 2018 Hor\u00e1rio: 19:00 \u00e0s 22:00 horas Local: Goian\u00e9sia \/ Go<\/p>\n","protected":false},"author":1,"featured_media":320,"comment_status":"open","ping_status":"open","sticky":false,"template":"","format":"standard","meta":{"_acf_changed":false,"footnotes":""},"categories":[4],"tags":[43,63,71,86],"acf":[],"_links":{"self":[{"href":"https:\/\/www.neuroeducacaomusical.com.br\/ead\/wp-json\/wp\/v2\/posts\/335"}],"collection":[{"href":"https:\/\/www.neuroeducacaomusical.com.br\/ead\/wp-json\/wp\/v2\/posts"}],"about":[{"href":"https:\/\/www.neuroeducacaomusical.com.br\/ead\/wp-json\/wp\/v2\/types\/post"}],"author":[{"embeddable":true,"href":"https:\/\/www.neuroeducacaomusical.com.br\/ead\/wp-json\/wp\/v2\/users\/1"}],"replies":[{"embeddable":true,"href":"https:\/\/www.neuroeducacaomusical.com.br\/ead\/wp-json\/wp\/v2\/comments?post=335"}],"version-history":[{"count":0,"href":"https:\/\/www.neuroeducacaomusical.com.br\/ead\/wp-json\/wp\/v2\/posts\/335\/revisions"}],"wp:featuredmedia":[{"embeddable":true,"href":"https:\/\/www.neuroeducacaomusical.com.br\/ead\/wp-json\/wp\/v2\/media\/320"}],"wp:attachment":[{"href":"https:\/\/www.neuroeducacaomusical.com.br\/ead\/wp-json\/wp\/v2\/media?parent=335"}],"wp:term":[{"taxonomy":"category","embeddable":true,"href":"https:\/\/www.neuroeducacaomusical.com.br\/ead\/wp-json\/wp\/v2\/categories?post=335"},{"taxonomy":"post_tag","embeddable":true,"href":"https:\/\/www.neuroeducacaomusical.com.br\/ead\/wp-json\/wp\/v2\/tags?post=335"}],"curies":[{"name":"wp","href":"https:\/\/api.w.org\/{rel}","templated":true}]}}