{"id":3299,"date":"2022-01-19T20:16:56","date_gmt":"2022-01-19T20:16:56","guid":{"rendered":"https:\/\/www.neuroeducacaomusical.com.br\/?p=3299"},"modified":"2022-01-19T20:16:58","modified_gmt":"2022-01-19T20:16:58","slug":"musica-e-saude-mental","status":"publish","type":"post","link":"https:\/\/www.neuroeducacaomusical.com.br\/ead\/musica-e-saude-mental\/","title":{"rendered":"M\u00fasica e Sa\u00fade Mental"},"content":{"rendered":"\n<p>Em 2021 recebi um convite para participar da produ\u00e7\u00e3o de um curta metragem que tem como pauta a rela\u00e7\u00e3o da m\u00fasica com a sa\u00fade mental.<\/p>\n\n\n\n<p>A hist\u00f3ria trata do desenvolvimento das sess\u00f5es, da an\u00e1lise da biografia musical, do reencontro com desejos, recalques e traumas. Por fim, a arte parece superar as dores e promove o surgimento de um novo sujeito. Uma mistura de fic\u00e7\u00e3o e realidade.<\/p>\n\n\n\n<p>A conversa com Michael Velascos vai tratar da concep\u00e7\u00e3o e produ\u00e7\u00e3o desse trabalho.<\/p>\n","protected":false},"excerpt":{"rendered":"<p>Em 2021 recebi um convite para participar da produ\u00e7\u00e3o de um curta metragem que tem como pauta a rela\u00e7\u00e3o da m\u00fasica com a sa\u00fade mental. A hist\u00f3ria trata do desenvolvimento das sess\u00f5es, da an\u00e1lise da biografia musical, do reencontro com desejos, recalques e traumas. Por fim, a arte parece superar&#8230;<\/p>\n","protected":false},"author":3,"featured_media":3300,"comment_status":"closed","ping_status":"closed","sticky":false,"template":"","format":"standard","meta":{"_acf_changed":false,"footnotes":""},"categories":[4],"tags":[],"acf":[],"_links":{"self":[{"href":"https:\/\/www.neuroeducacaomusical.com.br\/ead\/wp-json\/wp\/v2\/posts\/3299"}],"collection":[{"href":"https:\/\/www.neuroeducacaomusical.com.br\/ead\/wp-json\/wp\/v2\/posts"}],"about":[{"href":"https:\/\/www.neuroeducacaomusical.com.br\/ead\/wp-json\/wp\/v2\/types\/post"}],"author":[{"embeddable":true,"href":"https:\/\/www.neuroeducacaomusical.com.br\/ead\/wp-json\/wp\/v2\/users\/3"}],"replies":[{"embeddable":true,"href":"https:\/\/www.neuroeducacaomusical.com.br\/ead\/wp-json\/wp\/v2\/comments?post=3299"}],"version-history":[{"count":1,"href":"https:\/\/www.neuroeducacaomusical.com.br\/ead\/wp-json\/wp\/v2\/posts\/3299\/revisions"}],"predecessor-version":[{"id":3301,"href":"https:\/\/www.neuroeducacaomusical.com.br\/ead\/wp-json\/wp\/v2\/posts\/3299\/revisions\/3301"}],"wp:featuredmedia":[{"embeddable":true,"href":"https:\/\/www.neuroeducacaomusical.com.br\/ead\/wp-json\/wp\/v2\/media\/3300"}],"wp:attachment":[{"href":"https:\/\/www.neuroeducacaomusical.com.br\/ead\/wp-json\/wp\/v2\/media?parent=3299"}],"wp:term":[{"taxonomy":"category","embeddable":true,"href":"https:\/\/www.neuroeducacaomusical.com.br\/ead\/wp-json\/wp\/v2\/categories?post=3299"},{"taxonomy":"post_tag","embeddable":true,"href":"https:\/\/www.neuroeducacaomusical.com.br\/ead\/wp-json\/wp\/v2\/tags?post=3299"}],"curies":[{"name":"wp","href":"https:\/\/api.w.org\/{rel}","templated":true}]}}