{"id":325,"date":"2019-04-25T10:42:24","date_gmt":"2019-04-25T13:42:24","guid":{"rendered":"https:\/\/www.neuroeducacaomusical.com.br\/?p=325"},"modified":"2019-04-25T10:42:24","modified_gmt":"2019-04-25T13:42:24","slug":"musicalizacao-infantil-e-musica-para-bebes-5","status":"publish","type":"post","link":"https:\/\/www.neuroeducacaomusical.com.br\/ead\/musicalizacao-infantil-e-musica-para-bebes-5\/","title":{"rendered":"Musicaliza\u00e7\u00e3o Infantil e M\u00fasica para Beb\u00eas"},"content":{"rendered":"<p>Dia : 29 de abril de 2018<\/p>\n<p>Hor\u00e1rio: 09:00 \u00e0s 17:00 horas<\/p>\n<p>Local: Jo\u00e3o Pessoa<\/p>\n","protected":false},"excerpt":{"rendered":"<p>Dia : 29 de abril de 2018 Hor\u00e1rio: 09:00 \u00e0s 17:00 horas Local: Jo\u00e3o Pessoa<\/p>\n","protected":false},"author":1,"featured_media":326,"comment_status":"open","ping_status":"open","sticky":false,"template":"","format":"standard","meta":{"_acf_changed":false,"footnotes":""},"categories":[4],"tags":[52,65],"acf":[],"_links":{"self":[{"href":"https:\/\/www.neuroeducacaomusical.com.br\/ead\/wp-json\/wp\/v2\/posts\/325"}],"collection":[{"href":"https:\/\/www.neuroeducacaomusical.com.br\/ead\/wp-json\/wp\/v2\/posts"}],"about":[{"href":"https:\/\/www.neuroeducacaomusical.com.br\/ead\/wp-json\/wp\/v2\/types\/post"}],"author":[{"embeddable":true,"href":"https:\/\/www.neuroeducacaomusical.com.br\/ead\/wp-json\/wp\/v2\/users\/1"}],"replies":[{"embeddable":true,"href":"https:\/\/www.neuroeducacaomusical.com.br\/ead\/wp-json\/wp\/v2\/comments?post=325"}],"version-history":[{"count":0,"href":"https:\/\/www.neuroeducacaomusical.com.br\/ead\/wp-json\/wp\/v2\/posts\/325\/revisions"}],"wp:featuredmedia":[{"embeddable":true,"href":"https:\/\/www.neuroeducacaomusical.com.br\/ead\/wp-json\/wp\/v2\/media\/326"}],"wp:attachment":[{"href":"https:\/\/www.neuroeducacaomusical.com.br\/ead\/wp-json\/wp\/v2\/media?parent=325"}],"wp:term":[{"taxonomy":"category","embeddable":true,"href":"https:\/\/www.neuroeducacaomusical.com.br\/ead\/wp-json\/wp\/v2\/categories?post=325"},{"taxonomy":"post_tag","embeddable":true,"href":"https:\/\/www.neuroeducacaomusical.com.br\/ead\/wp-json\/wp\/v2\/tags?post=325"}],"curies":[{"name":"wp","href":"https:\/\/api.w.org\/{rel}","templated":true}]}}