{"id":315,"date":"2019-04-25T10:29:48","date_gmt":"2019-04-25T13:29:48","guid":{"rendered":"https:\/\/www.neuroeducacaomusical.com.br\/?p=315"},"modified":"2019-04-25T10:29:48","modified_gmt":"2019-04-25T13:29:48","slug":"musicalizacao-infantil-e-musica-para-bebes-3","status":"publish","type":"post","link":"https:\/\/www.neuroeducacaomusical.com.br\/ead\/musicalizacao-infantil-e-musica-para-bebes-3\/","title":{"rendered":"Musicaliza\u00e7\u00e3o Infantil e M\u00fasica para Beb\u00eas"},"content":{"rendered":"<p>Dia: 14 de abril de 2018<\/p>\n<p>Hor\u00e1rio: 09:00 \u00e0s 17:00 horas<\/p>\n<p>Local: Atibaia \/ SP<\/p>\n","protected":false},"excerpt":{"rendered":"<p>Dia: 14 de abril de 2018 Hor\u00e1rio: 09:00 \u00e0s 17:00 horas Local: Atibaia \/ SP<\/p>\n","protected":false},"author":1,"featured_media":316,"comment_status":"open","ping_status":"open","sticky":false,"template":"","format":"standard","meta":{"_acf_changed":false,"footnotes":""},"categories":[4],"tags":[],"acf":[],"_links":{"self":[{"href":"https:\/\/www.neuroeducacaomusical.com.br\/ead\/wp-json\/wp\/v2\/posts\/315"}],"collection":[{"href":"https:\/\/www.neuroeducacaomusical.com.br\/ead\/wp-json\/wp\/v2\/posts"}],"about":[{"href":"https:\/\/www.neuroeducacaomusical.com.br\/ead\/wp-json\/wp\/v2\/types\/post"}],"author":[{"embeddable":true,"href":"https:\/\/www.neuroeducacaomusical.com.br\/ead\/wp-json\/wp\/v2\/users\/1"}],"replies":[{"embeddable":true,"href":"https:\/\/www.neuroeducacaomusical.com.br\/ead\/wp-json\/wp\/v2\/comments?post=315"}],"version-history":[{"count":0,"href":"https:\/\/www.neuroeducacaomusical.com.br\/ead\/wp-json\/wp\/v2\/posts\/315\/revisions"}],"wp:featuredmedia":[{"embeddable":true,"href":"https:\/\/www.neuroeducacaomusical.com.br\/ead\/wp-json\/wp\/v2\/media\/316"}],"wp:attachment":[{"href":"https:\/\/www.neuroeducacaomusical.com.br\/ead\/wp-json\/wp\/v2\/media?parent=315"}],"wp:term":[{"taxonomy":"category","embeddable":true,"href":"https:\/\/www.neuroeducacaomusical.com.br\/ead\/wp-json\/wp\/v2\/categories?post=315"},{"taxonomy":"post_tag","embeddable":true,"href":"https:\/\/www.neuroeducacaomusical.com.br\/ead\/wp-json\/wp\/v2\/tags?post=315"}],"curies":[{"name":"wp","href":"https:\/\/api.w.org\/{rel}","templated":true}]}}