{"id":312,"date":"2019-04-25T10:26:46","date_gmt":"2019-04-25T13:26:46","guid":{"rendered":"https:\/\/www.neuroeducacaomusical.com.br\/?p=312"},"modified":"2019-04-25T10:26:46","modified_gmt":"2019-04-25T13:26:46","slug":"importancia-da-musica-na-educacao-infantil","status":"publish","type":"post","link":"https:\/\/www.neuroeducacaomusical.com.br\/ead\/importancia-da-musica-na-educacao-infantil\/","title":{"rendered":"Import\u00e2ncia da M\u00fasica na Educa\u00e7\u00e3o Infantil"},"content":{"rendered":"<p>Dia: 05 de mar\u00e7o de 2018<\/p>\n<p>Hor\u00e1rio: 08:00 \u00e0s 12:00 horas<\/p>\n<p>Local: An\u00e1polis \/ Go<\/p>\n","protected":false},"excerpt":{"rendered":"<p>Dia: 05 de mar\u00e7o de 2018 Hor\u00e1rio: 08:00 \u00e0s 12:00 horas Local: An\u00e1polis \/ Go<\/p>\n","protected":false},"author":1,"featured_media":313,"comment_status":"open","ping_status":"open","sticky":false,"template":"","format":"standard","meta":{"_acf_changed":false,"footnotes":""},"categories":[4],"tags":[],"acf":[],"_links":{"self":[{"href":"https:\/\/www.neuroeducacaomusical.com.br\/ead\/wp-json\/wp\/v2\/posts\/312"}],"collection":[{"href":"https:\/\/www.neuroeducacaomusical.com.br\/ead\/wp-json\/wp\/v2\/posts"}],"about":[{"href":"https:\/\/www.neuroeducacaomusical.com.br\/ead\/wp-json\/wp\/v2\/types\/post"}],"author":[{"embeddable":true,"href":"https:\/\/www.neuroeducacaomusical.com.br\/ead\/wp-json\/wp\/v2\/users\/1"}],"replies":[{"embeddable":true,"href":"https:\/\/www.neuroeducacaomusical.com.br\/ead\/wp-json\/wp\/v2\/comments?post=312"}],"version-history":[{"count":0,"href":"https:\/\/www.neuroeducacaomusical.com.br\/ead\/wp-json\/wp\/v2\/posts\/312\/revisions"}],"wp:featuredmedia":[{"embeddable":true,"href":"https:\/\/www.neuroeducacaomusical.com.br\/ead\/wp-json\/wp\/v2\/media\/313"}],"wp:attachment":[{"href":"https:\/\/www.neuroeducacaomusical.com.br\/ead\/wp-json\/wp\/v2\/media?parent=312"}],"wp:term":[{"taxonomy":"category","embeddable":true,"href":"https:\/\/www.neuroeducacaomusical.com.br\/ead\/wp-json\/wp\/v2\/categories?post=312"},{"taxonomy":"post_tag","embeddable":true,"href":"https:\/\/www.neuroeducacaomusical.com.br\/ead\/wp-json\/wp\/v2\/tags?post=312"}],"curies":[{"name":"wp","href":"https:\/\/api.w.org\/{rel}","templated":true}]}}