{"id":305,"date":"2019-04-25T10:21:16","date_gmt":"2019-04-25T13:21:16","guid":{"rendered":"https:\/\/www.neuroeducacaomusical.com.br\/?p=305"},"modified":"2019-04-25T10:21:16","modified_gmt":"2019-04-25T13:21:16","slug":"workshop-de-musicalizacao-para-educadores","status":"publish","type":"post","link":"https:\/\/www.neuroeducacaomusical.com.br\/ead\/workshop-de-musicalizacao-para-educadores\/","title":{"rendered":"Workshop de Musicaliza\u00e7\u00e3o para Educadores"},"content":{"rendered":"<p>Data: 27 de agosto de 2017<\/p>\n<p>Hor\u00e1rio: 09:00 \u00e0s 17:00 horas<\/p>\n<p>Local: Goi\u00e2nia \/ Go<\/p>\n","protected":false},"excerpt":{"rendered":"<p>Data: 27 de agosto de 2017 Hor\u00e1rio: 09:00 \u00e0s 17:00 horas Local: Goi\u00e2nia \/ Go<\/p>\n","protected":false},"author":1,"featured_media":306,"comment_status":"open","ping_status":"open","sticky":false,"template":"","format":"standard","meta":{"_acf_changed":false,"footnotes":""},"categories":[4],"tags":[],"acf":[],"_links":{"self":[{"href":"https:\/\/www.neuroeducacaomusical.com.br\/ead\/wp-json\/wp\/v2\/posts\/305"}],"collection":[{"href":"https:\/\/www.neuroeducacaomusical.com.br\/ead\/wp-json\/wp\/v2\/posts"}],"about":[{"href":"https:\/\/www.neuroeducacaomusical.com.br\/ead\/wp-json\/wp\/v2\/types\/post"}],"author":[{"embeddable":true,"href":"https:\/\/www.neuroeducacaomusical.com.br\/ead\/wp-json\/wp\/v2\/users\/1"}],"replies":[{"embeddable":true,"href":"https:\/\/www.neuroeducacaomusical.com.br\/ead\/wp-json\/wp\/v2\/comments?post=305"}],"version-history":[{"count":0,"href":"https:\/\/www.neuroeducacaomusical.com.br\/ead\/wp-json\/wp\/v2\/posts\/305\/revisions"}],"wp:featuredmedia":[{"embeddable":true,"href":"https:\/\/www.neuroeducacaomusical.com.br\/ead\/wp-json\/wp\/v2\/media\/306"}],"wp:attachment":[{"href":"https:\/\/www.neuroeducacaomusical.com.br\/ead\/wp-json\/wp\/v2\/media?parent=305"}],"wp:term":[{"taxonomy":"category","embeddable":true,"href":"https:\/\/www.neuroeducacaomusical.com.br\/ead\/wp-json\/wp\/v2\/categories?post=305"},{"taxonomy":"post_tag","embeddable":true,"href":"https:\/\/www.neuroeducacaomusical.com.br\/ead\/wp-json\/wp\/v2\/tags?post=305"}],"curies":[{"name":"wp","href":"https:\/\/api.w.org\/{rel}","templated":true}]}}