{"id":2860,"date":"2021-09-22T20:13:52","date_gmt":"2021-09-22T20:13:52","guid":{"rendered":"https:\/\/www.neuroeducacaomusical.com.br\/?p=2860"},"modified":"2022-01-18T21:24:00","modified_gmt":"2022-01-18T21:24:00","slug":"musicalizacao-infantil-2","status":"publish","type":"post","link":"https:\/\/www.neuroeducacaomusical.com.br\/ead\/musicalizacao-infantil-2\/","title":{"rendered":"Musicaliza\u00e7\u00e3o Infantil"},"content":{"rendered":"\n<p>O Curso mais esperado na \u00e1rea que mais cresce no Brasil chegou! Com J\u00falia Holanda, refer\u00eancia nacional no assunto, ministra aulas, cursos e treinamentos desde 1998. Musicaliza\u00e7\u00e3o Infantil.<\/p>\n\n\n\n<p>O medo, as d\u00favidas do o que fazer e como fazer m\u00fasica com as crian\u00e7as \u00e9 recorrente. A Forma\u00e7\u00e3o em M\u00fasica para crian\u00e7as vem descortinar esse universo com atividades testadas. O grau de satisfa\u00e7\u00e3o e confian\u00e7a s\u00e3o premissas a quem participa do treinamento.<\/p>\n\n\n\n<p>A proposta da Metodologia Holanda Kids uni aulas engajadas e estruturadas com fun\u00e7\u00f5es musicais definidas contemplando o l\u00fadico, hist\u00f3rias cantadas, parlendas, trava-l\u00ednguas, teoria musical, solfejos, intervalos, m\u00fasica e movimento.<\/p>\n\n\n\n<p>Acreditando no desenvolvimento global das crian\u00e7as, a Metodologia Holanda Kids avan\u00e7a com estudos e links entre a Neuroeduca\u00e7\u00e3o Musical, Neuropedagogia, Psicomotricidade, Educa\u00e7\u00e3o Musical e Musicoterapia.<\/p>\n\n\n\n<p><strong>A quem se destina.<\/strong><\/p>\n\n\n\n<p>Todos que querem aprender a utilizar a m\u00fasica com as crian\u00e7as de forma l\u00fadica ou estruturada. Seu olhar e forma\u00e7\u00e3o determinam os resultados e objetivos alcan\u00e7ados.<\/p>\n\n\n\n<ul><li>Professores<\/li><li>Terapeutas<\/li><li>Musicoterapeutas<\/li><li>Psic\u00f3logos<\/li><li>Fonoaudi\u00f3logos<\/li><li>Terapeutas Ocupacionais<\/li><li>Papais e Mam\u00e3es<\/li><\/ul>\n\n\n\n<p><strong>Diferencial<\/strong><\/p>\n\n\n\n<ul><li>Mais de 40 dicas de atividades<\/li><li>Estrutura\u00e7\u00e3o de aulas<\/li><li>Planejamento<\/li><li>\u00c1udios<\/li><li>E-books<\/li><li>Marketing<\/li><li>Empreendedorismo<\/li><li>Estrutura funcional de aulas e atendimentos<\/li><li>M\u00e9todos Ativos<\/li><li>Planos de Aulas<\/li><\/ul>\n\n\n\n<p><strong>Quem \u00e9 J\u00falia Holanda<\/strong><\/p>\n\n\n\n<p><\/p>\n\n\n\n<div class=\"wp-block-image\"><figure class=\"aligncenter size-large is-resized\"><img decoding=\"async\" src=\"https:\/\/www.neuroeducacaomusical.com.br\/wp-content\/uploads\/2021\/09\/WhatsApp-Image-2021-09-28-at-17.00.07-1024x768.jpeg\" alt=\"\" class=\"wp-image-2878\" width=\"-170\" height=\"-127\" srcset=\"https:\/\/www.neuroeducacaomusical.com.br\/ead\/wp-content\/uploads\/2021\/09\/WhatsApp-Image-2021-09-28-at-17.00.07-1024x768.jpeg 1024w, https:\/\/www.neuroeducacaomusical.com.br\/ead\/wp-content\/uploads\/2021\/09\/WhatsApp-Image-2021-09-28-at-17.00.07-300x225.jpeg 300w, https:\/\/www.neuroeducacaomusical.com.br\/ead\/wp-content\/uploads\/2021\/09\/WhatsApp-Image-2021-09-28-at-17.00.07-768x576.jpeg 768w, https:\/\/www.neuroeducacaomusical.com.br\/ead\/wp-content\/uploads\/2021\/09\/WhatsApp-Image-2021-09-28-at-17.00.07-1536x1152.jpeg 1536w, https:\/\/www.neuroeducacaomusical.com.br\/ead\/wp-content\/uploads\/2021\/09\/WhatsApp-Image-2021-09-28-at-17.00.07-600x450.jpeg 600w, https:\/\/www.neuroeducacaomusical.com.br\/ead\/wp-content\/uploads\/2021\/09\/WhatsApp-Image-2021-09-28-at-17.00.07.jpeg 1600w\" sizes=\"(max-width: 1024px) 100vw, 1024px\" \/><\/figure><\/div>\n\n\n\n<p>Propriet\u00e1ria e gestora da <strong>Holanda Centro de Educa\u00e7\u00e3o Musical<\/strong> , maior escola de m\u00fasica do Estado de Goi\u00e1s; docente no <strong>Centro de Educa\u00e7\u00e3o Infantil do Tribunal de Justi\u00e7a de Goi\u00e1s<\/strong> desde 1999 com aulas de m\u00fasica para crian\u00e7as de 1 a 5 anos de idade.<br>Formada em <strong>Pedagogia<\/strong> e <strong>M\u00fasica<\/strong>,  especialista em <strong>Neuropedagogia<\/strong>, <strong>Psicomotricidade<\/strong>, <strong>Musicaliza\u00e7\u00e3o Infantil<\/strong>, <strong>Neuroeduca\u00e7\u00e3o Musical<\/strong> e <strong>Musicoterapia<\/strong>.<br>Com trabalhos publicados na <strong>ABEM<\/strong> e <strong>ISME<\/strong>, revistas de educa\u00e7\u00e3o, jornais, artigos e congressos, a professora faz do caminho musical sua jornada em busca da excel\u00eancia.<\/p>\n\n\n\n<p>J\u00falia Holanda, em fase final da especializa\u00e7\u00e3o em <strong>ABA<\/strong>, desenvolve um trabalho de excel\u00eancia com alunos e pacientes com <strong>transtornos<\/strong> (TEA), <strong>defici\u00eancias<\/strong> ou <strong>s\u00edndromes<\/strong>. Trabalha com gestantes e beb\u00eas h\u00e1 mais de 20 anos. Atualmente, \u00e9 coordenadora e tutora na P\u00f3s Gradua\u00e7\u00e3o em <strong>Musicaliza\u00e7\u00e3o Infantil <\/strong>e<strong> Neuroeduca\u00e7\u00e3o Musical<\/strong> da Faculdade Tecnol\u00f3gica de Palmas.<\/p>\n\n\n\n<p>Ministra cursos de Capacita\u00e7\u00e3o em<strong> Musicaliza\u00e7\u00e3o Infantil<\/strong> e<strong> Baby Class<\/strong>, <strong>Teclado<\/strong>, <strong>Piano<\/strong>, <strong>Neuroeduca\u00e7\u00e3o Musical<\/strong> e <strong>Inclus\u00e3o<\/strong> para educadores de todo o pa\u00eds. J\u00falia Holanda \u00e9 autora do <strong>Livro de Teclado<\/strong> &#8211; volume 1 e 2, da rede de escolas de M\u00fasica Holanda na cidade de <strong>Goi\u00e2nia<\/strong> &#8211; <strong>GO<\/strong>.<\/p>\n\n\n\n<p><strong>Investimento<\/strong><\/p>\n\n\n\n<p><br>Imagine estudar 30 anos sobre determinado assunto. Neste tempo concluir gradua\u00e7\u00f5es, especializa\u00e7\u00f5es, cursos extras nacionais e internacionais, leituras, grupos de estudos, palestras, congressos. Imaginou?<br>Imagine ainda ministrar cursos em todo territ\u00f3rio brasileiro e exterior formando mais de 7500 alunos.<br>Agora, imagine entrar para uma sala de aula h\u00e1 mais de 25 anos consecutivos. Imaginou?<br>Esse \u00e9 o material que voc\u00ea ir\u00e1 receber neste curso. Uma hist\u00f3ria de estudos, pr\u00e1ticas, experi\u00eancias e viv\u00eancias reais de uma educadora incans\u00e1vel pela busca da excel\u00eancia.<br>N\u00e3o tem pre\u00e7o. O curso tem um valor que permite que o trabalho continue avan\u00e7ando.<br>Com menos de 3,50 por dia durante um ano voc\u00ea recebe o inestim\u00e1vel em aprendizado e pr\u00e1tica pedag\u00f3gica musical. E lembre-se, conhecimento \u00e9 o \u00fanico investimento que ningu\u00e9m tira de voc\u00ea. Saber \u00e9 poder! Somos ref\u00e9ns do que sabemos. Conhe\u00e7a tamb\u00e9m o Curso M\u00fasica para Beb\u00eas.<\/p>\n\n\n\n<p>Este curso \u00e9<strong> aprendizado para toda vida<\/strong>. \u00c9 uma<strong> forma\u00e7\u00e3o<\/strong>. Uma<strong> profiss\u00e3o<\/strong>. Um <strong>legado<\/strong>.<br><\/p>\n\n\n\n<p><strong>Valores<\/strong><\/p>\n\n\n\n<p>R$1.199,00 ou 10x 119,90<\/p>\n\n\n\n<p><strong>B\u00f4nus<\/strong><\/p>\n\n\n\n<ol><li>Adquira tamb\u00e9m o Curso de Capacita\u00e7\u00e3o em M\u00fasica e Beb\u00eas e ganhe 15% de desconto pagando nos 2 cursos o valor de 10x 203,83 reais. \u00c0 vista, ganhe mais desconto e pague apenas R$1890,00. Solicite o link para pagamento com desconto.<\/li><li>Curso Online de Teclado Holanda &#8211; N\u00edvel 1<\/li><li>E-books<\/li><li>\u00c1lbum Digital Iguais e Diferentes<\/li><li>Partituras \u00c1lbum Digital Iguais e Diferentes<\/li><li>Grupo Vip WhatsApp<\/li><li>Plant\u00e3o de D\u00favidas<\/li><li>Encontro Presencial 1x ano em Goi\u00e2nia ( julho de 2022 )<\/li><li>Acesso ilimitado por 1 ano<\/li><li>Assessoria Pedag\u00f3gica com J\u00falia Holanda ( 11\/12\/2021, \u00e0s 20 horas, Via Zoom )<\/li><\/ol>\n\n\n\n<p><\/p>\n\n\n\n<p><strong>Maiores Informa\u00e7\u00f5es<\/strong> : 62 99923 3332<\/p>\n\n\n\n<p><\/p>\n","protected":false},"excerpt":{"rendered":"<p>O Curso mais esperado na \u00e1rea que mais cresce no Brasil chegou! Com J\u00falia Holanda, refer\u00eancia nacional no assunto, ministra aulas, cursos e treinamentos desde 1998. Musicaliza\u00e7\u00e3o Infantil. O medo, as d\u00favidas do o que fazer e como fazer m\u00fasica com as crian\u00e7as \u00e9 recorrente. A Forma\u00e7\u00e3o em M\u00fasica para&#8230;<\/p>\n","protected":false},"author":3,"featured_media":2478,"comment_status":"open","ping_status":"open","sticky":false,"template":"","format":"standard","meta":{"_acf_changed":false,"footnotes":""},"categories":[3],"tags":[13,30,63,65,66],"acf":[],"_links":{"self":[{"href":"https:\/\/www.neuroeducacaomusical.com.br\/ead\/wp-json\/wp\/v2\/posts\/2860"}],"collection":[{"href":"https:\/\/www.neuroeducacaomusical.com.br\/ead\/wp-json\/wp\/v2\/posts"}],"about":[{"href":"https:\/\/www.neuroeducacaomusical.com.br\/ead\/wp-json\/wp\/v2\/types\/post"}],"author":[{"embeddable":true,"href":"https:\/\/www.neuroeducacaomusical.com.br\/ead\/wp-json\/wp\/v2\/users\/3"}],"replies":[{"embeddable":true,"href":"https:\/\/www.neuroeducacaomusical.com.br\/ead\/wp-json\/wp\/v2\/comments?post=2860"}],"version-history":[{"count":11,"href":"https:\/\/www.neuroeducacaomusical.com.br\/ead\/wp-json\/wp\/v2\/posts\/2860\/revisions"}],"predecessor-version":[{"id":3106,"href":"https:\/\/www.neuroeducacaomusical.com.br\/ead\/wp-json\/wp\/v2\/posts\/2860\/revisions\/3106"}],"wp:featuredmedia":[{"embeddable":true,"href":"https:\/\/www.neuroeducacaomusical.com.br\/ead\/wp-json\/wp\/v2\/media\/2478"}],"wp:attachment":[{"href":"https:\/\/www.neuroeducacaomusical.com.br\/ead\/wp-json\/wp\/v2\/media?parent=2860"}],"wp:term":[{"taxonomy":"category","embeddable":true,"href":"https:\/\/www.neuroeducacaomusical.com.br\/ead\/wp-json\/wp\/v2\/categories?post=2860"},{"taxonomy":"post_tag","embeddable":true,"href":"https:\/\/www.neuroeducacaomusical.com.br\/ead\/wp-json\/wp\/v2\/tags?post=2860"}],"curies":[{"name":"wp","href":"https:\/\/api.w.org\/{rel}","templated":true}]}}