{"id":2846,"date":"2021-09-22T20:02:56","date_gmt":"2021-09-22T20:02:56","guid":{"rendered":"https:\/\/www.neuroeducacaomusical.com.br\/?p=2846"},"modified":"2022-01-17T19:32:36","modified_gmt":"2022-01-17T19:32:36","slug":"musica-e-bebes","status":"publish","type":"post","link":"https:\/\/www.neuroeducacaomusical.com.br\/ead\/musica-e-bebes\/","title":{"rendered":"M\u00fasica e Beb\u00eas"},"content":{"rendered":"\n<p>O Curso mais esperado na \u00e1rea que mais cresce no Brasil chegou.  Com <strong>J\u00falia Holanda<\/strong>, refer\u00eancia nacional no assunto, que ministra aulas, cursos e treinamentos desde 1998. <\/p>\n\n\n\n<p>Forma\u00e7\u00e3o em<strong> M\u00fasica para Beb\u00eas<\/strong> de 0 a 3 anos.<\/p>\n\n\n\n<p>Percebendo a dificuldade no planejamento, desenvolvimento e pr\u00e1tica de educadores, pais e terapeutas, elaborei um curso pr\u00e1tico com fundamenta\u00e7\u00e3o te\u00f3rica que permitir\u00e1 que o aluno elabore novas pr\u00e1ticas a partir dos m\u00f3dulos estudados.<\/p>\n\n\n\n<p>O medo, as d\u00favidas do o que fazer e como fazer m\u00fasica com os beb\u00eas \u00e9 recorrente. A Forma\u00e7\u00e3o em M\u00fasica para Beb\u00eas vem descortinar esse universo com atividades testadas. O grau de satisfa\u00e7\u00e3o e confian\u00e7a s\u00e3o premissas a quem participa do treinamento.<\/p>\n\n\n\n<p>A proposta da <strong>Metodologia<\/strong> <strong>Holanda Kids<\/strong> uni aulas engajadas e estruturadas com fun\u00e7\u00f5es musicais definidas contemplando o l\u00fadico, hist\u00f3rias cantadas, parlendas, trava-l\u00ednguas, teoria musical, solfejos, intervalos, m\u00fasica e movimento.<\/p>\n\n\n\n<p>Acreditando no desenvolvimento global dos beb\u00eas, a Metodologia Holanda Kids avan\u00e7a com estudos e links entre a <strong>Neuroeduca\u00e7\u00e3o Musical<\/strong>, <strong>Neuropedagogia<\/strong>, <strong>Psicomotricidade<\/strong>, <strong>Educa\u00e7\u00e3o Musical<\/strong> e <strong>Musicoterapia<\/strong>.<\/p>\n\n\n\n<p><strong>A quem se destina<\/strong>.<\/p>\n\n\n\n<p>A todos que querem aprender a utilizar a m\u00fasica com beb\u00eas de forma l\u00fadica ou estruturada. Seu olhar e forma\u00e7\u00e3o determinam os resultados e objetivos alcan\u00e7ados.<\/p>\n\n\n\n<ul><li>Professores<\/li><li>Terapeutas<\/li><li>Musicoterapeutas<\/li><li>Psic\u00f3logos<\/li><li>Fonoaudi\u00f3logos<\/li><li>Terapeutas Ocupacionais<\/li><li>Papais e Mam\u00e3es<\/li><\/ul>\n\n\n\n<p><strong>Diferencial<\/strong><\/p>\n\n\n\n<ul><li>Mais de 40 dicas de atividades<\/li><li>Estrutura\u00e7\u00e3o de aulas<\/li><li>Planejamento<\/li><li>\u00c1udios<\/li><li>E-books<\/li><li>Marketing<\/li><li>Empreendedorismo<\/li><li>Estrutura funcional de aulas e atendimentos<\/li><li>M\u00e9todos Ativos<\/li><li>Planos de Aulas<\/li><\/ul>\n\n\n\n<p><strong>Quem \u00e9 J\u00falia Holanda<\/strong><\/p>\n\n\n\n<p><\/p>\n\n\n\n<div class=\"wp-block-image\"><figure class=\"aligncenter size-large is-resized\"><img fetchpriority=\"high\" decoding=\"async\" src=\"https:\/\/www.neuroeducacaomusical.com.br\/wp-content\/uploads\/2021\/09\/WhatsApp-Image-2021-09-28-at-17.00.07-1024x768.jpeg\" alt=\"\" class=\"wp-image-2878\" width=\"737\" height=\"553\" srcset=\"https:\/\/www.neuroeducacaomusical.com.br\/ead\/wp-content\/uploads\/2021\/09\/WhatsApp-Image-2021-09-28-at-17.00.07-1024x768.jpeg 1024w, https:\/\/www.neuroeducacaomusical.com.br\/ead\/wp-content\/uploads\/2021\/09\/WhatsApp-Image-2021-09-28-at-17.00.07-300x225.jpeg 300w, https:\/\/www.neuroeducacaomusical.com.br\/ead\/wp-content\/uploads\/2021\/09\/WhatsApp-Image-2021-09-28-at-17.00.07-768x576.jpeg 768w, https:\/\/www.neuroeducacaomusical.com.br\/ead\/wp-content\/uploads\/2021\/09\/WhatsApp-Image-2021-09-28-at-17.00.07-1536x1152.jpeg 1536w, https:\/\/www.neuroeducacaomusical.com.br\/ead\/wp-content\/uploads\/2021\/09\/WhatsApp-Image-2021-09-28-at-17.00.07-600x450.jpeg 600w, https:\/\/www.neuroeducacaomusical.com.br\/ead\/wp-content\/uploads\/2021\/09\/WhatsApp-Image-2021-09-28-at-17.00.07.jpeg 1600w\" sizes=\"(max-width: 737px) 100vw, 737px\" \/><\/figure><\/div>\n\n\n\n<ul><li>Propriet\u00e1ria e gestora da maior escola de m\u00fasica do Estado de Goi\u00e1s, docente no Centro de Educa\u00e7\u00e3o Infantil do Tribunal de Justi\u00e7a de Goi\u00e1s desde 1999 com aulas de m\u00fasica para crian\u00e7as de 1 a 5 anos de idade.<\/li><li>Formada em Pedagogia e M\u00fasica, J\u00falia Holanda \u00e9 especialista em Neuropedagogia, Psicomotricidade, Musicaliza\u00e7\u00e3o Infantil, Neuroeduca\u00e7\u00e3o Musical &amp; Musicoterapia.<\/li><li>Com trabalhos publicados na ABEM e ISME, revistas de educa\u00e7\u00e3o, jornais, artigos e congressos, a professora faz do caminho musical sua jornada em busca da excel\u00eancia.<\/li><\/ul>\n\n\n\n<p><strong>J\u00falia Holanda<\/strong>, em fase final da <strong>especializa\u00e7\u00e3o<\/strong> em <strong>ABA<\/strong>, desenvolve um trabalho de excel\u00eancia com alunos e pacientes com transtornos<strong> (TEA)<\/strong>,<strong> defici\u00eancias<\/strong> ou<strong> s\u00edndromes<\/strong>. Trabalha com gestantes e beb\u00eas h\u00e1 mais de 20 anos. Atualmente, \u00e9 coordenadora e tutora na<strong> P\u00f3s Gradua\u00e7\u00e3o em Musicaliza\u00e7\u00e3o Infantil <\/strong>e <strong>P\u00f3s Gradua\u00e7\u00e3o<\/strong> <strong>Neuroeduca\u00e7\u00e3o Musical<\/strong> da <strong>Faculdade de Tecnologia de Palmas<\/strong>.<\/p>\n\n\n\n<p>Ministra cursos de <strong>Capacita\u00e7\u00e3o em Musicaliza\u00e7\u00e3o Infantil<\/strong> e <strong>Baby Class<\/strong>, <strong>Teclado<\/strong>,<strong> Piano<\/strong>, <strong>Neuroeduca\u00e7\u00e3o Musical<\/strong> e <strong>Inclus\u00e3o<\/strong> para educadores de todo o pa\u00eds. J\u00falia Holanda \u00e9 autora do <strong>Livro de Teclado<\/strong> &#8211; volume 1 e 2, da rede<strong> Holanda Centro de Educa\u00e7\u00e3o Musical <\/strong>na cidade de <strong>Goi\u00e2nia &#8211; GO<\/strong>.<\/p>\n\n\n\n<p><strong>Investimento<\/strong><\/p>\n\n\n\n<p class=\"has-text-align-left\"><br>Imagine estudar 30 anos sobre determinado assunto. Neste tempo concluir gradua\u00e7\u00f5es, especializa\u00e7\u00f5es, cursos extras nacionais e internacionais, leituras, grupos de estudos, palestras, congressos. Imaginou?<br>Imagine ainda ministrar cursos em todo territ\u00f3rio brasileiro e exterior formando mais de 7500 alunos.<br>Agora, imagine entrar para uma sala de aula com beb\u00eas a mais de 25 anos consecutivos. Imaginou?<br>Esse \u00e9 o material que voc\u00ea ir\u00e1 receber neste curso. Uma hist\u00f3ria de estudos, pr\u00e1ticas, experi\u00eancias e viv\u00eancias reais de uma educadora incans\u00e1vel pela busca da excel\u00eancia. N\u00e3o tem pre\u00e7o. O curso tem um valor que permite que o trabalho continue avan\u00e7ando. Com menos de 3,50 por dia durante um ano voc\u00ea recebe o inestim\u00e1vel em aprendizado e pr\u00e1tica pedag\u00f3gica musical. <\/p>\n\n\n\n<p><strong>Valores.<\/strong><\/p>\n\n\n\n<p>R$1.199,00 ou 10x (juros da operadora)<\/p>\n\n\n\n<p><\/p>\n\n\n\n<p class=\"has-text-align-left\">E lembre-se, conhecimento \u00e9 o \u00fanico investimento que ningu\u00e9m tira de voc\u00ea. Saber \u00e9 poder! Somos ref\u00e9ns do que sabemos. <\/p>\n\n\n\n<p><\/p>\n\n\n\n<p class=\"has-text-align-left\"><strong>Este curso \u00e9 aprendizado para toda vida<\/strong>. <strong>\u00c9 uma forma\u00e7\u00e3o<\/strong>. Uma prof<strong>iss\u00e3o<\/strong>. <strong>Um legado<\/strong>.<\/p>\n\n\n\n<p><strong>B\u00f4nus<\/strong><\/p>\n\n\n\n<ul><li>Adquira tamb\u00e9m o Curso de Capacita\u00e7\u00e3o em Musicaliza\u00e7\u00e3o Infantil (3 a 7 anos) e ganhe 15% de desconto pagando nos 2 cursos o valor de 10x 203,83 reais. (parcelamento sujeito \u00e0 taxas da operadora).<\/li><li> \u00c0 vista, ganhe mais desconto e pague apenas R$1890,00 no COMBO BABY &amp; KIDS. <\/li><li> Solicite o link para pagamento com desconto. https:\/\/api.whatsapp.com\/send?phone=5562993045345&amp;text=Quero%20me%20inscrever%20no%20Curso%20Livre%20-%20Musica%20%26%20Beb%C3%AAs%20%20-%20KIDS<\/li><li>Curso Online de Teclado Holanda \u2013 N\u00edvel 1<\/li><li>E-books<\/li><li>\u00c1lbum Digital Iguais e Diferentes<\/li><li>Partituras \u00c1lbum Digital Iguais e Diferentes<\/li><li>Grupo Vip WhatsApp<\/li><li>Plant\u00e3o de D\u00favidas<\/li><li>Encontro Presencial 1x ano em Goi\u00e2nia ( julho de 2022 )<\/li><li>Acesso ilimitado por 1 ano<\/li><li>Assessoria Pedag\u00f3gica com J\u00falia Holanda<\/li><\/ul>\n\n\n\n<p><strong>Maiores Informa\u00e7\u00f5es<\/strong> : 62 99923 3332    https:\/\/api.whatsapp.com\/send?phone=5562993045345&amp;text=Quero%20me%20inscrever%20no%20Curso%20Livre%20-%20Musica%20%26%20Beb%C3%AAs%20%20-%20KIDS<\/p>\n\n\n\n<p><\/p>\n","protected":false},"excerpt":{"rendered":"<p>O Curso mais esperado na \u00e1rea que mais cresce no Brasil chegou. Com J\u00falia Holanda, refer\u00eancia nacional no assunto, que ministra aulas, cursos e treinamentos desde 1998. Forma\u00e7\u00e3o em M\u00fasica para Beb\u00eas de 0 a 3 anos. Percebendo a dificuldade no planejamento, desenvolvimento e pr\u00e1tica de educadores, pais e terapeutas,&#8230;<\/p>\n","protected":false},"author":3,"featured_media":2880,"comment_status":"open","ping_status":"open","sticky":false,"template":"","format":"standard","meta":{"_acf_changed":false,"footnotes":""},"categories":[3],"tags":[13,121,30,64,120,67,68],"acf":[],"_links":{"self":[{"href":"https:\/\/www.neuroeducacaomusical.com.br\/ead\/wp-json\/wp\/v2\/posts\/2846"}],"collection":[{"href":"https:\/\/www.neuroeducacaomusical.com.br\/ead\/wp-json\/wp\/v2\/posts"}],"about":[{"href":"https:\/\/www.neuroeducacaomusical.com.br\/ead\/wp-json\/wp\/v2\/types\/post"}],"author":[{"embeddable":true,"href":"https:\/\/www.neuroeducacaomusical.com.br\/ead\/wp-json\/wp\/v2\/users\/3"}],"replies":[{"embeddable":true,"href":"https:\/\/www.neuroeducacaomusical.com.br\/ead\/wp-json\/wp\/v2\/comments?post=2846"}],"version-history":[{"count":21,"href":"https:\/\/www.neuroeducacaomusical.com.br\/ead\/wp-json\/wp\/v2\/posts\/2846\/revisions"}],"predecessor-version":[{"id":3136,"href":"https:\/\/www.neuroeducacaomusical.com.br\/ead\/wp-json\/wp\/v2\/posts\/2846\/revisions\/3136"}],"wp:featuredmedia":[{"embeddable":true,"href":"https:\/\/www.neuroeducacaomusical.com.br\/ead\/wp-json\/wp\/v2\/media\/2880"}],"wp:attachment":[{"href":"https:\/\/www.neuroeducacaomusical.com.br\/ead\/wp-json\/wp\/v2\/media?parent=2846"}],"wp:term":[{"taxonomy":"category","embeddable":true,"href":"https:\/\/www.neuroeducacaomusical.com.br\/ead\/wp-json\/wp\/v2\/categories?post=2846"},{"taxonomy":"post_tag","embeddable":true,"href":"https:\/\/www.neuroeducacaomusical.com.br\/ead\/wp-json\/wp\/v2\/tags?post=2846"}],"curies":[{"name":"wp","href":"https:\/\/api.w.org\/{rel}","templated":true}]}}