{"id":282,"date":"2019-04-25T00:19:18","date_gmt":"2019-04-25T03:19:18","guid":{"rendered":"https:\/\/www.neuroeducacaomusical.com.br\/?p=282"},"modified":"2019-04-25T00:19:18","modified_gmt":"2019-04-25T03:19:18","slug":"a-musica-como-recurso-didatico-na-educacao-infantil-5","status":"publish","type":"post","link":"https:\/\/www.neuroeducacaomusical.com.br\/ead\/a-musica-como-recurso-didatico-na-educacao-infantil-5\/","title":{"rendered":"A M\u00fasica como Recurso Did\u00e1tico na Educa\u00e7\u00e3o Infantil"},"content":{"rendered":"<p>Dia: 17 de setembro de 2016<\/p>\n<p>Hor\u00e1rio: 09:00 \u00e0s 17:00 horas<\/p>\n<p>Local: Americana<\/p>\n","protected":false},"excerpt":{"rendered":"<p>Dia: 17 de setembro de 2016 Hor\u00e1rio: 09:00 \u00e0s 17:00 horas Local: Americana<\/p>\n","protected":false},"author":1,"featured_media":283,"comment_status":"open","ping_status":"open","sticky":false,"template":"","format":"standard","meta":{"_acf_changed":false,"footnotes":""},"categories":[4],"tags":[],"acf":[],"_links":{"self":[{"href":"https:\/\/www.neuroeducacaomusical.com.br\/ead\/wp-json\/wp\/v2\/posts\/282"}],"collection":[{"href":"https:\/\/www.neuroeducacaomusical.com.br\/ead\/wp-json\/wp\/v2\/posts"}],"about":[{"href":"https:\/\/www.neuroeducacaomusical.com.br\/ead\/wp-json\/wp\/v2\/types\/post"}],"author":[{"embeddable":true,"href":"https:\/\/www.neuroeducacaomusical.com.br\/ead\/wp-json\/wp\/v2\/users\/1"}],"replies":[{"embeddable":true,"href":"https:\/\/www.neuroeducacaomusical.com.br\/ead\/wp-json\/wp\/v2\/comments?post=282"}],"version-history":[{"count":0,"href":"https:\/\/www.neuroeducacaomusical.com.br\/ead\/wp-json\/wp\/v2\/posts\/282\/revisions"}],"wp:featuredmedia":[{"embeddable":true,"href":"https:\/\/www.neuroeducacaomusical.com.br\/ead\/wp-json\/wp\/v2\/media\/283"}],"wp:attachment":[{"href":"https:\/\/www.neuroeducacaomusical.com.br\/ead\/wp-json\/wp\/v2\/media?parent=282"}],"wp:term":[{"taxonomy":"category","embeddable":true,"href":"https:\/\/www.neuroeducacaomusical.com.br\/ead\/wp-json\/wp\/v2\/categories?post=282"},{"taxonomy":"post_tag","embeddable":true,"href":"https:\/\/www.neuroeducacaomusical.com.br\/ead\/wp-json\/wp\/v2\/tags?post=282"}],"curies":[{"name":"wp","href":"https:\/\/api.w.org\/{rel}","templated":true}]}}