{"id":2766,"date":"2021-05-18T03:56:09","date_gmt":"2021-05-18T03:56:09","guid":{"rendered":"https:\/\/www.neuroeducacaomusical.com.br\/?p=2766"},"modified":"2021-05-18T03:56:11","modified_gmt":"2021-05-18T03:56:11","slug":"como-planejar-para-trabalhar-os-estimulos-necessarios-na-aula-de-musicalizacao","status":"publish","type":"post","link":"https:\/\/www.neuroeducacaomusical.com.br\/ead\/como-planejar-para-trabalhar-os-estimulos-necessarios-na-aula-de-musicalizacao\/","title":{"rendered":"Como Planejar para trabalhar os est\u00edmulos necess\u00e1rios na aula de musicaliza\u00e7\u00e3o."},"content":{"rendered":"\n<p>vete Cunha Machado \u00e9 Musicista, Pedagoga e P\u00f3s-Graduada em Musicaliza\u00e7\u00e3o Infantil. H\u00e1 mais de 30 anos desenvolve e pratica a educa\u00e7\u00e3o musical para crian\u00e7as, educadores infantis e pais.<br>Jeane Machado Andrino \u00e9 P\u00f3s-Graduada em Musicaliza\u00e7\u00e3o Infantil, traz a experi\u00eancia pedag\u00f3gica no ambiente universit\u00e1rio, sendo Mestra e Doutora em Ci\u00eancias pela USP, e doc\u00eancia em universidades, p\u00f3s-gradua\u00e7\u00e3o e col\u00e9gios.<\/p>\n\n\n\n<p>S\u00e3o m\u00e3e e filha, Diretoras\/Propriet\u00e1rias da Escola de M\u00fasica \u201cMomento Musical\u201d, de Piracicaba-SP, onde tamb\u00e9m atuam como Educadoras Musicais. @momentomusical<\/p>\n\n\n\n<h1 class=\"wp-block-heading\"><\/h1>\n","protected":false},"excerpt":{"rendered":"<p>vete Cunha Machado \u00e9 Musicista, Pedagoga e P\u00f3s-Graduada em Musicaliza\u00e7\u00e3o Infantil. H\u00e1 mais de 30 anos desenvolve e pratica a educa\u00e7\u00e3o musical para crian\u00e7as, educadores infantis e pais.Jeane Machado Andrino \u00e9 P\u00f3s-Graduada em Musicaliza\u00e7\u00e3o Infantil, traz a experi\u00eancia pedag\u00f3gica no ambiente universit\u00e1rio, sendo Mestra e Doutora em Ci\u00eancias pela USP,&#8230;<\/p>\n","protected":false},"author":3,"featured_media":2767,"comment_status":"open","ping_status":"open","sticky":false,"template":"","format":"standard","meta":{"_acf_changed":false,"footnotes":""},"categories":[4],"tags":[],"acf":[],"_links":{"self":[{"href":"https:\/\/www.neuroeducacaomusical.com.br\/ead\/wp-json\/wp\/v2\/posts\/2766"}],"collection":[{"href":"https:\/\/www.neuroeducacaomusical.com.br\/ead\/wp-json\/wp\/v2\/posts"}],"about":[{"href":"https:\/\/www.neuroeducacaomusical.com.br\/ead\/wp-json\/wp\/v2\/types\/post"}],"author":[{"embeddable":true,"href":"https:\/\/www.neuroeducacaomusical.com.br\/ead\/wp-json\/wp\/v2\/users\/3"}],"replies":[{"embeddable":true,"href":"https:\/\/www.neuroeducacaomusical.com.br\/ead\/wp-json\/wp\/v2\/comments?post=2766"}],"version-history":[{"count":1,"href":"https:\/\/www.neuroeducacaomusical.com.br\/ead\/wp-json\/wp\/v2\/posts\/2766\/revisions"}],"predecessor-version":[{"id":2768,"href":"https:\/\/www.neuroeducacaomusical.com.br\/ead\/wp-json\/wp\/v2\/posts\/2766\/revisions\/2768"}],"wp:featuredmedia":[{"embeddable":true,"href":"https:\/\/www.neuroeducacaomusical.com.br\/ead\/wp-json\/wp\/v2\/media\/2767"}],"wp:attachment":[{"href":"https:\/\/www.neuroeducacaomusical.com.br\/ead\/wp-json\/wp\/v2\/media?parent=2766"}],"wp:term":[{"taxonomy":"category","embeddable":true,"href":"https:\/\/www.neuroeducacaomusical.com.br\/ead\/wp-json\/wp\/v2\/categories?post=2766"},{"taxonomy":"post_tag","embeddable":true,"href":"https:\/\/www.neuroeducacaomusical.com.br\/ead\/wp-json\/wp\/v2\/tags?post=2766"}],"curies":[{"name":"wp","href":"https:\/\/api.w.org\/{rel}","templated":true}]}}