{"id":2703,"date":"2021-05-04T00:27:51","date_gmt":"2021-05-04T00:27:51","guid":{"rendered":"https:\/\/www.neuroeducacaomusical.com.br\/?p=2703"},"modified":"2021-05-04T00:28:01","modified_gmt":"2021-05-04T00:28:01","slug":"a-arte-de-contar-historias-para-bebes","status":"publish","type":"post","link":"https:\/\/www.neuroeducacaomusical.com.br\/ead\/a-arte-de-contar-historias-para-bebes\/","title":{"rendered":"A Arte de Contar Hist\u00f3rias para Beb\u00eas"},"content":{"rendered":"\n<p>J\u00falia Holanda recebe J\u00e9ssica Santos (Pedagoga, P\u00f3s Graduada em Educa\u00e7\u00e3o Infantil, Alfabetiza\u00e7\u00e3o e Letramento, P\u00f3s Graduada em Ludopedagogia e Literatura, Contadora de Hist\u00f3rias e Palestrante).<br><\/p>\n","protected":false},"excerpt":{"rendered":"<p>J\u00falia Holanda recebe J\u00e9ssica Santos (Pedagoga, P\u00f3s Graduada em Educa\u00e7\u00e3o Infantil, Alfabetiza\u00e7\u00e3o e Letramento, P\u00f3s Graduada em Ludopedagogia e Literatura, Contadora de Hist\u00f3rias e Palestrante).<\/p>\n","protected":false},"author":3,"featured_media":2704,"comment_status":"open","ping_status":"open","sticky":false,"template":"","format":"standard","meta":{"_acf_changed":false,"footnotes":""},"categories":[4],"tags":[],"acf":[],"_links":{"self":[{"href":"https:\/\/www.neuroeducacaomusical.com.br\/ead\/wp-json\/wp\/v2\/posts\/2703"}],"collection":[{"href":"https:\/\/www.neuroeducacaomusical.com.br\/ead\/wp-json\/wp\/v2\/posts"}],"about":[{"href":"https:\/\/www.neuroeducacaomusical.com.br\/ead\/wp-json\/wp\/v2\/types\/post"}],"author":[{"embeddable":true,"href":"https:\/\/www.neuroeducacaomusical.com.br\/ead\/wp-json\/wp\/v2\/users\/3"}],"replies":[{"embeddable":true,"href":"https:\/\/www.neuroeducacaomusical.com.br\/ead\/wp-json\/wp\/v2\/comments?post=2703"}],"version-history":[{"count":1,"href":"https:\/\/www.neuroeducacaomusical.com.br\/ead\/wp-json\/wp\/v2\/posts\/2703\/revisions"}],"predecessor-version":[{"id":2705,"href":"https:\/\/www.neuroeducacaomusical.com.br\/ead\/wp-json\/wp\/v2\/posts\/2703\/revisions\/2705"}],"wp:featuredmedia":[{"embeddable":true,"href":"https:\/\/www.neuroeducacaomusical.com.br\/ead\/wp-json\/wp\/v2\/media\/2704"}],"wp:attachment":[{"href":"https:\/\/www.neuroeducacaomusical.com.br\/ead\/wp-json\/wp\/v2\/media?parent=2703"}],"wp:term":[{"taxonomy":"category","embeddable":true,"href":"https:\/\/www.neuroeducacaomusical.com.br\/ead\/wp-json\/wp\/v2\/categories?post=2703"},{"taxonomy":"post_tag","embeddable":true,"href":"https:\/\/www.neuroeducacaomusical.com.br\/ead\/wp-json\/wp\/v2\/tags?post=2703"}],"curies":[{"name":"wp","href":"https:\/\/api.w.org\/{rel}","templated":true}]}}