{"id":2690,"date":"2021-04-21T21:24:11","date_gmt":"2021-04-21T21:24:11","guid":{"rendered":"https:\/\/www.neuroeducacaomusical.com.br\/?p=2690"},"modified":"2021-04-21T21:32:02","modified_gmt":"2021-04-21T21:32:02","slug":"yoga-musica-e-riso","status":"publish","type":"post","link":"https:\/\/www.neuroeducacaomusical.com.br\/ead\/yoga-musica-e-riso\/","title":{"rendered":"Yoga, M\u00fasica e Riso."},"content":{"rendered":"\n<p>J\u00falia Holanda recebe prof. Edson Savegnago, graduado em Letras, Pedagogia, especialista em Musicaliza\u00e7\u00e3o Infantil, facilitador de Medita\u00e7\u00e3o, instrutor de Yoga para crian\u00e7as, jovens e adultos.<br>&nbsp;<\/p>\n","protected":false},"excerpt":{"rendered":"<p>J\u00falia Holanda recebe prof. Edson Savegnago, graduado em Letras, Pedagogia, especialista em Musicaliza\u00e7\u00e3o Infantil, facilitador de Medita\u00e7\u00e3o, instrutor de Yoga para crian\u00e7as, jovens e adultos.&nbsp;<\/p>\n","protected":false},"author":3,"featured_media":2691,"comment_status":"open","ping_status":"open","sticky":false,"template":"","format":"standard","meta":{"_acf_changed":false,"footnotes":""},"categories":[4],"tags":[],"acf":[],"_links":{"self":[{"href":"https:\/\/www.neuroeducacaomusical.com.br\/ead\/wp-json\/wp\/v2\/posts\/2690"}],"collection":[{"href":"https:\/\/www.neuroeducacaomusical.com.br\/ead\/wp-json\/wp\/v2\/posts"}],"about":[{"href":"https:\/\/www.neuroeducacaomusical.com.br\/ead\/wp-json\/wp\/v2\/types\/post"}],"author":[{"embeddable":true,"href":"https:\/\/www.neuroeducacaomusical.com.br\/ead\/wp-json\/wp\/v2\/users\/3"}],"replies":[{"embeddable":true,"href":"https:\/\/www.neuroeducacaomusical.com.br\/ead\/wp-json\/wp\/v2\/comments?post=2690"}],"version-history":[{"count":2,"href":"https:\/\/www.neuroeducacaomusical.com.br\/ead\/wp-json\/wp\/v2\/posts\/2690\/revisions"}],"predecessor-version":[{"id":2694,"href":"https:\/\/www.neuroeducacaomusical.com.br\/ead\/wp-json\/wp\/v2\/posts\/2690\/revisions\/2694"}],"wp:featuredmedia":[{"embeddable":true,"href":"https:\/\/www.neuroeducacaomusical.com.br\/ead\/wp-json\/wp\/v2\/media\/2691"}],"wp:attachment":[{"href":"https:\/\/www.neuroeducacaomusical.com.br\/ead\/wp-json\/wp\/v2\/media?parent=2690"}],"wp:term":[{"taxonomy":"category","embeddable":true,"href":"https:\/\/www.neuroeducacaomusical.com.br\/ead\/wp-json\/wp\/v2\/categories?post=2690"},{"taxonomy":"post_tag","embeddable":true,"href":"https:\/\/www.neuroeducacaomusical.com.br\/ead\/wp-json\/wp\/v2\/tags?post=2690"}],"curies":[{"name":"wp","href":"https:\/\/api.w.org\/{rel}","templated":true}]}}