{"id":2686,"date":"2021-04-21T21:18:47","date_gmt":"2021-04-21T21:18:47","guid":{"rendered":"https:\/\/www.neuroeducacaomusical.com.br\/?p=2686"},"modified":"2021-05-04T03:15:22","modified_gmt":"2021-05-04T03:15:22","slug":"estrutura-e-planejamento-para-musicalizacao-infantil","status":"publish","type":"post","link":"https:\/\/www.neuroeducacaomusical.com.br\/ead\/estrutura-e-planejamento-para-musicalizacao-infantil\/","title":{"rendered":"Estrutura e Planejamento para Musicaliza\u00e7\u00e3o Infantil."},"content":{"rendered":"\n<p>J\u00falia Holanda recebe Patr\u00edcia Salviano, pedagoga, especialista em musicaliza\u00e7\u00e3o infantil e me gest\u00e3o de projetos culturais.<\/p>\n","protected":false},"excerpt":{"rendered":"<p>J\u00falia Holanda recebe Patr\u00edcia Salviano, pedagoga, especialista em musicaliza\u00e7\u00e3o infantil e me gest\u00e3o de projetos culturais.<\/p>\n","protected":false},"author":3,"featured_media":2687,"comment_status":"open","ping_status":"open","sticky":false,"template":"","format":"standard","meta":{"_acf_changed":false,"footnotes":""},"categories":[4],"tags":[],"acf":[],"_links":{"self":[{"href":"https:\/\/www.neuroeducacaomusical.com.br\/ead\/wp-json\/wp\/v2\/posts\/2686"}],"collection":[{"href":"https:\/\/www.neuroeducacaomusical.com.br\/ead\/wp-json\/wp\/v2\/posts"}],"about":[{"href":"https:\/\/www.neuroeducacaomusical.com.br\/ead\/wp-json\/wp\/v2\/types\/post"}],"author":[{"embeddable":true,"href":"https:\/\/www.neuroeducacaomusical.com.br\/ead\/wp-json\/wp\/v2\/users\/3"}],"replies":[{"embeddable":true,"href":"https:\/\/www.neuroeducacaomusical.com.br\/ead\/wp-json\/wp\/v2\/comments?post=2686"}],"version-history":[{"count":1,"href":"https:\/\/www.neuroeducacaomusical.com.br\/ead\/wp-json\/wp\/v2\/posts\/2686\/revisions"}],"predecessor-version":[{"id":2688,"href":"https:\/\/www.neuroeducacaomusical.com.br\/ead\/wp-json\/wp\/v2\/posts\/2686\/revisions\/2688"}],"wp:featuredmedia":[{"embeddable":true,"href":"https:\/\/www.neuroeducacaomusical.com.br\/ead\/wp-json\/wp\/v2\/media\/2687"}],"wp:attachment":[{"href":"https:\/\/www.neuroeducacaomusical.com.br\/ead\/wp-json\/wp\/v2\/media?parent=2686"}],"wp:term":[{"taxonomy":"category","embeddable":true,"href":"https:\/\/www.neuroeducacaomusical.com.br\/ead\/wp-json\/wp\/v2\/categories?post=2686"},{"taxonomy":"post_tag","embeddable":true,"href":"https:\/\/www.neuroeducacaomusical.com.br\/ead\/wp-json\/wp\/v2\/tags?post=2686"}],"curies":[{"name":"wp","href":"https:\/\/api.w.org\/{rel}","templated":true}]}}