{"id":2676,"date":"2021-04-21T21:05:12","date_gmt":"2021-04-21T21:05:12","guid":{"rendered":"https:\/\/www.neuroeducacaomusical.com.br\/?p=2676"},"modified":"2021-04-21T21:05:14","modified_gmt":"2021-04-21T21:05:14","slug":"musicoterapia-x-musicalizacao","status":"publish","type":"post","link":"https:\/\/www.neuroeducacaomusical.com.br\/ead\/musicoterapia-x-musicalizacao\/","title":{"rendered":"Musicoterapia x Musicaliza\u00e7\u00e3o"},"content":{"rendered":"\n<p>J\u00falia Holanda recebe Eb\u00e9r Marques, musicoterapeuta , psic\u00f3logo, especialista em neuropsicologia,  especialista em Sa\u00fade Mental, Presidente da UBAM (gest\u00e3o 2019 a 2020).<\/p>\n","protected":false},"excerpt":{"rendered":"<p>J\u00falia Holanda recebe Eb\u00e9r Marques, musicoterapeuta , psic\u00f3logo, especialista em neuropsicologia, especialista em Sa\u00fade Mental, Presidente da UBAM (gest\u00e3o 2019 a 2020).<\/p>\n","protected":false},"author":3,"featured_media":2677,"comment_status":"open","ping_status":"open","sticky":false,"template":"","format":"standard","meta":{"_acf_changed":false,"footnotes":""},"categories":[4],"tags":[65,67],"acf":[],"_links":{"self":[{"href":"https:\/\/www.neuroeducacaomusical.com.br\/ead\/wp-json\/wp\/v2\/posts\/2676"}],"collection":[{"href":"https:\/\/www.neuroeducacaomusical.com.br\/ead\/wp-json\/wp\/v2\/posts"}],"about":[{"href":"https:\/\/www.neuroeducacaomusical.com.br\/ead\/wp-json\/wp\/v2\/types\/post"}],"author":[{"embeddable":true,"href":"https:\/\/www.neuroeducacaomusical.com.br\/ead\/wp-json\/wp\/v2\/users\/3"}],"replies":[{"embeddable":true,"href":"https:\/\/www.neuroeducacaomusical.com.br\/ead\/wp-json\/wp\/v2\/comments?post=2676"}],"version-history":[{"count":1,"href":"https:\/\/www.neuroeducacaomusical.com.br\/ead\/wp-json\/wp\/v2\/posts\/2676\/revisions"}],"predecessor-version":[{"id":2678,"href":"https:\/\/www.neuroeducacaomusical.com.br\/ead\/wp-json\/wp\/v2\/posts\/2676\/revisions\/2678"}],"wp:featuredmedia":[{"embeddable":true,"href":"https:\/\/www.neuroeducacaomusical.com.br\/ead\/wp-json\/wp\/v2\/media\/2677"}],"wp:attachment":[{"href":"https:\/\/www.neuroeducacaomusical.com.br\/ead\/wp-json\/wp\/v2\/media?parent=2676"}],"wp:term":[{"taxonomy":"category","embeddable":true,"href":"https:\/\/www.neuroeducacaomusical.com.br\/ead\/wp-json\/wp\/v2\/categories?post=2676"},{"taxonomy":"post_tag","embeddable":true,"href":"https:\/\/www.neuroeducacaomusical.com.br\/ead\/wp-json\/wp\/v2\/tags?post=2676"}],"curies":[{"name":"wp","href":"https:\/\/api.w.org\/{rel}","templated":true}]}}