{"id":2672,"date":"2021-04-21T20:59:53","date_gmt":"2021-04-21T20:59:53","guid":{"rendered":"https:\/\/www.neuroeducacaomusical.com.br\/?p=2672"},"modified":"2021-04-21T20:59:55","modified_gmt":"2021-04-21T20:59:55","slug":"o-processo-criativo-nas-aulas-com-bebes-de-0-a-2-anos","status":"publish","type":"post","link":"https:\/\/www.neuroeducacaomusical.com.br\/ead\/o-processo-criativo-nas-aulas-com-bebes-de-0-a-2-anos\/","title":{"rendered":"O Processo Criativo nas Aulas com beb\u00eas de 0 a 2 anos."},"content":{"rendered":"\n<p>J\u00falia Holanda recebe Clau Souza, educadora musical, empres\u00e1ria criadora da Empresa Barulhinho Bom que atua em projetos art\u00edstico-culturais e pedag\u00f3gicos voltados para Beb\u00eas.<\/p>\n","protected":false},"excerpt":{"rendered":"<p>J\u00falia Holanda recebe Clau Souza, educadora musical, empres\u00e1ria criadora da Empresa Barulhinho Bom que atua em projetos art\u00edstico-culturais e pedag\u00f3gicos voltados para Beb\u00eas.<\/p>\n","protected":false},"author":3,"featured_media":2673,"comment_status":"open","ping_status":"open","sticky":false,"template":"","format":"standard","meta":{"_acf_changed":false,"footnotes":""},"categories":[4],"tags":[111,110],"acf":[],"_links":{"self":[{"href":"https:\/\/www.neuroeducacaomusical.com.br\/ead\/wp-json\/wp\/v2\/posts\/2672"}],"collection":[{"href":"https:\/\/www.neuroeducacaomusical.com.br\/ead\/wp-json\/wp\/v2\/posts"}],"about":[{"href":"https:\/\/www.neuroeducacaomusical.com.br\/ead\/wp-json\/wp\/v2\/types\/post"}],"author":[{"embeddable":true,"href":"https:\/\/www.neuroeducacaomusical.com.br\/ead\/wp-json\/wp\/v2\/users\/3"}],"replies":[{"embeddable":true,"href":"https:\/\/www.neuroeducacaomusical.com.br\/ead\/wp-json\/wp\/v2\/comments?post=2672"}],"version-history":[{"count":1,"href":"https:\/\/www.neuroeducacaomusical.com.br\/ead\/wp-json\/wp\/v2\/posts\/2672\/revisions"}],"predecessor-version":[{"id":2674,"href":"https:\/\/www.neuroeducacaomusical.com.br\/ead\/wp-json\/wp\/v2\/posts\/2672\/revisions\/2674"}],"wp:featuredmedia":[{"embeddable":true,"href":"https:\/\/www.neuroeducacaomusical.com.br\/ead\/wp-json\/wp\/v2\/media\/2673"}],"wp:attachment":[{"href":"https:\/\/www.neuroeducacaomusical.com.br\/ead\/wp-json\/wp\/v2\/media?parent=2672"}],"wp:term":[{"taxonomy":"category","embeddable":true,"href":"https:\/\/www.neuroeducacaomusical.com.br\/ead\/wp-json\/wp\/v2\/categories?post=2672"},{"taxonomy":"post_tag","embeddable":true,"href":"https:\/\/www.neuroeducacaomusical.com.br\/ead\/wp-json\/wp\/v2\/tags?post=2672"}],"curies":[{"name":"wp","href":"https:\/\/api.w.org\/{rel}","templated":true}]}}