{"id":2668,"date":"2021-04-21T20:54:44","date_gmt":"2021-04-21T20:54:44","guid":{"rendered":"https:\/\/www.neuroeducacaomusical.com.br\/?p=2668"},"modified":"2021-04-21T20:54:46","modified_gmt":"2021-04-21T20:54:46","slug":"musicalizando-atraves-do-canto","status":"publish","type":"post","link":"https:\/\/www.neuroeducacaomusical.com.br\/ead\/musicalizando-atraves-do-canto\/","title":{"rendered":"Musicalizando atrav\u00e9s do Canto."},"content":{"rendered":"\n<p>J\u00falia Holanda recebe o prof. Isaias Monteiro de Manaus para um bate papo sobre musicaliza\u00e7\u00e3o, canto e educa\u00e7\u00e3o musical.<\/p>\n","protected":false},"excerpt":{"rendered":"<p>J\u00falia Holanda recebe o prof. Isaias Monteiro de Manaus para um bate papo sobre musicaliza\u00e7\u00e3o, canto e educa\u00e7\u00e3o musical.<\/p>\n","protected":false},"author":3,"featured_media":2669,"comment_status":"open","ping_status":"open","sticky":false,"template":"","format":"standard","meta":{"_acf_changed":false,"footnotes":""},"categories":[4],"tags":[109,65],"acf":[],"_links":{"self":[{"href":"https:\/\/www.neuroeducacaomusical.com.br\/ead\/wp-json\/wp\/v2\/posts\/2668"}],"collection":[{"href":"https:\/\/www.neuroeducacaomusical.com.br\/ead\/wp-json\/wp\/v2\/posts"}],"about":[{"href":"https:\/\/www.neuroeducacaomusical.com.br\/ead\/wp-json\/wp\/v2\/types\/post"}],"author":[{"embeddable":true,"href":"https:\/\/www.neuroeducacaomusical.com.br\/ead\/wp-json\/wp\/v2\/users\/3"}],"replies":[{"embeddable":true,"href":"https:\/\/www.neuroeducacaomusical.com.br\/ead\/wp-json\/wp\/v2\/comments?post=2668"}],"version-history":[{"count":1,"href":"https:\/\/www.neuroeducacaomusical.com.br\/ead\/wp-json\/wp\/v2\/posts\/2668\/revisions"}],"predecessor-version":[{"id":2670,"href":"https:\/\/www.neuroeducacaomusical.com.br\/ead\/wp-json\/wp\/v2\/posts\/2668\/revisions\/2670"}],"wp:featuredmedia":[{"embeddable":true,"href":"https:\/\/www.neuroeducacaomusical.com.br\/ead\/wp-json\/wp\/v2\/media\/2669"}],"wp:attachment":[{"href":"https:\/\/www.neuroeducacaomusical.com.br\/ead\/wp-json\/wp\/v2\/media?parent=2668"}],"wp:term":[{"taxonomy":"category","embeddable":true,"href":"https:\/\/www.neuroeducacaomusical.com.br\/ead\/wp-json\/wp\/v2\/categories?post=2668"},{"taxonomy":"post_tag","embeddable":true,"href":"https:\/\/www.neuroeducacaomusical.com.br\/ead\/wp-json\/wp\/v2\/tags?post=2668"}],"curies":[{"name":"wp","href":"https:\/\/api.w.org\/{rel}","templated":true}]}}