{"id":264,"date":"2019-04-24T23:45:58","date_gmt":"2019-04-25T02:45:58","guid":{"rendered":"https:\/\/www.neuroeducacaomusical.com.br\/?p=264"},"modified":"2019-04-24T23:45:58","modified_gmt":"2019-04-25T02:45:58","slug":"capacitacao-em-musicalizacao-infantil-e-musica-para-bebes","status":"publish","type":"post","link":"https:\/\/www.neuroeducacaomusical.com.br\/ead\/capacitacao-em-musicalizacao-infantil-e-musica-para-bebes\/","title":{"rendered":"Capacita\u00e7\u00e3o em Musicaliza\u00e7\u00e3o Infantil e M\u00fasica para Beb\u00eas"},"content":{"rendered":"<p>Dia: 18 de junho de 2016<\/p>\n<p>Hor\u00e1rio: 09:00 \u00e0s 17:00 horas<\/p>\n<p>Local: Rio de Janeiro<\/p>\n","protected":false},"excerpt":{"rendered":"<p>Dia: 18 de junho de 2016 Hor\u00e1rio: 09:00 \u00e0s 17:00 horas Local: Rio de Janeiro<\/p>\n","protected":false},"author":1,"featured_media":263,"comment_status":"open","ping_status":"open","sticky":false,"template":"","format":"standard","meta":{"_acf_changed":false,"footnotes":""},"categories":[4],"tags":[],"acf":[],"_links":{"self":[{"href":"https:\/\/www.neuroeducacaomusical.com.br\/ead\/wp-json\/wp\/v2\/posts\/264"}],"collection":[{"href":"https:\/\/www.neuroeducacaomusical.com.br\/ead\/wp-json\/wp\/v2\/posts"}],"about":[{"href":"https:\/\/www.neuroeducacaomusical.com.br\/ead\/wp-json\/wp\/v2\/types\/post"}],"author":[{"embeddable":true,"href":"https:\/\/www.neuroeducacaomusical.com.br\/ead\/wp-json\/wp\/v2\/users\/1"}],"replies":[{"embeddable":true,"href":"https:\/\/www.neuroeducacaomusical.com.br\/ead\/wp-json\/wp\/v2\/comments?post=264"}],"version-history":[{"count":0,"href":"https:\/\/www.neuroeducacaomusical.com.br\/ead\/wp-json\/wp\/v2\/posts\/264\/revisions"}],"wp:featuredmedia":[{"embeddable":true,"href":"https:\/\/www.neuroeducacaomusical.com.br\/ead\/wp-json\/wp\/v2\/media\/263"}],"wp:attachment":[{"href":"https:\/\/www.neuroeducacaomusical.com.br\/ead\/wp-json\/wp\/v2\/media?parent=264"}],"wp:term":[{"taxonomy":"category","embeddable":true,"href":"https:\/\/www.neuroeducacaomusical.com.br\/ead\/wp-json\/wp\/v2\/categories?post=264"},{"taxonomy":"post_tag","embeddable":true,"href":"https:\/\/www.neuroeducacaomusical.com.br\/ead\/wp-json\/wp\/v2\/tags?post=264"}],"curies":[{"name":"wp","href":"https:\/\/api.w.org\/{rel}","templated":true}]}}