{"id":2521,"date":"2020-10-28T00:40:04","date_gmt":"2020-10-28T00:40:04","guid":{"rendered":"https:\/\/www.neuroeducacaomusical.com.br\/?p=2521"},"modified":"2020-10-28T00:40:05","modified_gmt":"2020-10-28T00:40:05","slug":"relacao-entre-aprendizagem-musical-e-cognicao","status":"publish","type":"post","link":"https:\/\/www.neuroeducacaomusical.com.br\/ead\/relacao-entre-aprendizagem-musical-e-cognicao\/","title":{"rendered":"Rela\u00e7\u00e3o entre Aprendizagem Musical e Cogni\u00e7\u00e3o."},"content":{"rendered":"\n<p>Dia: 09 de novembro de 2020<\/p>\n\n\n\n<p>Hor\u00e1rio: 19:30 horas<\/p>\n\n\n\n<p>Local: Zoom<\/p>\n\n\n\n<p>Inscri\u00e7\u00f5es: 62 999233332<\/p>\n\n\n\n<p><\/p>\n","protected":false},"excerpt":{"rendered":"<p>Dia: 09 de novembro de 2020 Hor\u00e1rio: 19:30 horas Local: Zoom Inscri\u00e7\u00f5es: 62 999233332<\/p>\n","protected":false},"author":3,"featured_media":2522,"comment_status":"open","ping_status":"open","sticky":false,"template":"","format":"standard","meta":{"_acf_changed":false,"footnotes":""},"categories":[4],"tags":[],"acf":[],"_links":{"self":[{"href":"https:\/\/www.neuroeducacaomusical.com.br\/ead\/wp-json\/wp\/v2\/posts\/2521"}],"collection":[{"href":"https:\/\/www.neuroeducacaomusical.com.br\/ead\/wp-json\/wp\/v2\/posts"}],"about":[{"href":"https:\/\/www.neuroeducacaomusical.com.br\/ead\/wp-json\/wp\/v2\/types\/post"}],"author":[{"embeddable":true,"href":"https:\/\/www.neuroeducacaomusical.com.br\/ead\/wp-json\/wp\/v2\/users\/3"}],"replies":[{"embeddable":true,"href":"https:\/\/www.neuroeducacaomusical.com.br\/ead\/wp-json\/wp\/v2\/comments?post=2521"}],"version-history":[{"count":2,"href":"https:\/\/www.neuroeducacaomusical.com.br\/ead\/wp-json\/wp\/v2\/posts\/2521\/revisions"}],"predecessor-version":[{"id":2524,"href":"https:\/\/www.neuroeducacaomusical.com.br\/ead\/wp-json\/wp\/v2\/posts\/2521\/revisions\/2524"}],"wp:featuredmedia":[{"embeddable":true,"href":"https:\/\/www.neuroeducacaomusical.com.br\/ead\/wp-json\/wp\/v2\/media\/2522"}],"wp:attachment":[{"href":"https:\/\/www.neuroeducacaomusical.com.br\/ead\/wp-json\/wp\/v2\/media?parent=2521"}],"wp:term":[{"taxonomy":"category","embeddable":true,"href":"https:\/\/www.neuroeducacaomusical.com.br\/ead\/wp-json\/wp\/v2\/categories?post=2521"},{"taxonomy":"post_tag","embeddable":true,"href":"https:\/\/www.neuroeducacaomusical.com.br\/ead\/wp-json\/wp\/v2\/tags?post=2521"}],"curies":[{"name":"wp","href":"https:\/\/api.w.org\/{rel}","templated":true}]}}