{"id":186,"date":"2019-04-16T10:06:10","date_gmt":"2019-04-16T13:06:10","guid":{"rendered":"https:\/\/www.neuroeducacaomusical.com.br\/?p=186"},"modified":"2021-09-30T19:15:41","modified_gmt":"2021-09-30T19:15:41","slug":"pos-graduacao-em-musicalizacao-infantil","status":"publish","type":"post","link":"https:\/\/www.neuroeducacaomusical.com.br\/ead\/pos-graduacao-em-musicalizacao-infantil\/","title":{"rendered":"P\u00f3s Gradua\u00e7\u00e3o em Musicaliza\u00e7\u00e3o Infantil"},"content":{"rendered":"<p>Este curso visa formar profissionais especializados e capacitados em lidar com a educa\u00e7\u00e3o musical para rec\u00e9m nascidos e crian\u00e7as, de 06 meses a 10 anos para atua\u00e7\u00e3o em escolas, clinicas e institui\u00e7\u00f5es do terceiro setor, composto de 10 m\u00f3dulos EAD com v\u00eddeos-aula, aplica\u00e7\u00f5es pr\u00e1ticas e acompanhamento online<\/p>\n<p><strong>Grade do curso<\/strong><\/p>\n<ul>\n<li>Psicologia, M\u00fasica e Educa\u00e7\u00e3o<\/li>\n<li>M\u00fasica e Folclore<\/li>\n<li>Oficina de Cria\u00e7\u00e3o Musical<\/li>\n<li>Fundamento da Voz na Educa\u00e7\u00e3o Infantil<\/li>\n<li>M\u00fasica Infantil e Experi\u00eancia L\u00fadica<\/li>\n<li>Pressupostos da Musicaliza\u00e7\u00e3o<\/li>\n<li>Did\u00e1tica da M\u00fasica<\/li>\n<li>M\u00fasica e Beb\u00eas<\/li>\n<li>Saberes e Compet\u00eancias<\/li>\n<li>Projeto Final<\/li>\n<\/ul>\n<p><strong>Carga hor\u00e1ria<\/strong>: 420 h (incluindo projeto final de curso).<\/p>\n<p><strong>Metodologia:<\/strong> EAD<\/p>\n<p><strong>Investimento<\/strong><\/p>\n<p><i class=\"fa fa-money\"><\/i>\u00a0<strong>A vista<\/strong>: R$ 1.400 (boleto \/ cart\u00e3o at\u00e9 2x)<br \/>\n<i class=\"fa fa-credit-card\"><\/i>\u00a0<strong>Cart\u00e3o:<\/strong> 12 x R$\u00a0 136,70<br \/>\n<i class=\"fa fa-barcode\"><\/i>\u00a0<strong>Boleto:<\/strong> 12 x R$ 140,00<\/p>\n<p><strong>Base Legal<\/strong><\/p>\n<p>O Grupo Evolu\u00e7\u00e3o em parceira e em conformidade com a Resolu\u00e7\u00e3o CNE\/CES N\u00ba. 01, de 06\/04\/2018, expedir\u00e1 o Certificado de P\u00f3s-Gradua\u00e7\u00e3o Lato-Sensu, em n\u00edvel de especializa\u00e7\u00e3o. A p\u00f3s-gradua\u00e7\u00e3o em Musicaliza\u00e7\u00e3o Infantil \u00e9 ofertado tendo como base legal a Legisla\u00e7\u00e3o Educacional Nacional, Resolu\u00e7\u00e3o 1\/2018 CNE\/CES, Regimento Escolar e Autoriza\u00e7\u00e3o de cria\u00e7\u00e3o funcionamento de cursos de p\u00f3s-gradua\u00e7\u00e3o da institui\u00e7\u00e3o.<\/p>\n<ul>\n<li><a href=\"https:\/\/grupoevolucao.com\/pdf\/RESOLUCAO_POS_FTP_2020018.pdf\" target=\"_blank\" rel=\"noopener noreferrer\">Resolu\u00e7\u00e3o FTP 01\/2020<\/a><\/li>\n<li><a href=\"https:\/\/emec.mec.gov.br\/emec\/consulta-cadastro\/detalhamento\/d96957f455f6405d14c6542552b0f6eb\/NDM1NQ==\/93916316abe23148507bd4c260e4b878\/MTI2Mzg2\" target=\"_blank\" rel=\"noopener noreferrer\">Autoriza\u00e7\u00e3o de Oferta e-MEC<\/a><\/li>\n<\/ul>\n","protected":false},"excerpt":{"rendered":"<p>Este curso visa formar profissionais especializados e capacitados em lidar com a educa\u00e7\u00e3o musical para rec\u00e9m nascidos e crian\u00e7as, de 06 meses a 10 anos para atua\u00e7\u00e3o em escolas, clinicas e institui\u00e7\u00f5es do terceiro setor, composto de 10 m\u00f3dulos EAD com v\u00eddeos-aula, aplica\u00e7\u00f5es pr\u00e1ticas e acompanhamento online Grade do curso&#8230;<\/p>\n","protected":false},"author":1,"featured_media":2863,"comment_status":"open","ping_status":"open","sticky":false,"template":"","format":"standard","meta":{"_acf_changed":false,"footnotes":""},"categories":[3],"tags":[],"acf":[],"_links":{"self":[{"href":"https:\/\/www.neuroeducacaomusical.com.br\/ead\/wp-json\/wp\/v2\/posts\/186"}],"collection":[{"href":"https:\/\/www.neuroeducacaomusical.com.br\/ead\/wp-json\/wp\/v2\/posts"}],"about":[{"href":"https:\/\/www.neuroeducacaomusical.com.br\/ead\/wp-json\/wp\/v2\/types\/post"}],"author":[{"embeddable":true,"href":"https:\/\/www.neuroeducacaomusical.com.br\/ead\/wp-json\/wp\/v2\/users\/1"}],"replies":[{"embeddable":true,"href":"https:\/\/www.neuroeducacaomusical.com.br\/ead\/wp-json\/wp\/v2\/comments?post=186"}],"version-history":[{"count":3,"href":"https:\/\/www.neuroeducacaomusical.com.br\/ead\/wp-json\/wp\/v2\/posts\/186\/revisions"}],"predecessor-version":[{"id":3016,"href":"https:\/\/www.neuroeducacaomusical.com.br\/ead\/wp-json\/wp\/v2\/posts\/186\/revisions\/3016"}],"wp:featuredmedia":[{"embeddable":true,"href":"https:\/\/www.neuroeducacaomusical.com.br\/ead\/wp-json\/wp\/v2\/media\/2863"}],"wp:attachment":[{"href":"https:\/\/www.neuroeducacaomusical.com.br\/ead\/wp-json\/wp\/v2\/media?parent=186"}],"wp:term":[{"taxonomy":"category","embeddable":true,"href":"https:\/\/www.neuroeducacaomusical.com.br\/ead\/wp-json\/wp\/v2\/categories?post=186"},{"taxonomy":"post_tag","embeddable":true,"href":"https:\/\/www.neuroeducacaomusical.com.br\/ead\/wp-json\/wp\/v2\/tags?post=186"}],"curies":[{"name":"wp","href":"https:\/\/api.w.org\/{rel}","templated":true}]}}