{"id":177,"date":"2019-04-16T09:52:13","date_gmt":"2019-04-16T12:52:13","guid":{"rendered":"https:\/\/www.neuroeducacaomusical.com.br\/?p=177"},"modified":"2021-09-29T19:23:16","modified_gmt":"2021-09-29T19:23:16","slug":"pos-graduacao-em-neuroeducacao-musical","status":"publish","type":"post","link":"https:\/\/www.neuroeducacaomusical.com.br\/ead\/pos-graduacao-em-neuroeducacao-musical\/","title":{"rendered":"P\u00f3s Gradua\u00e7\u00e3o em Neuroeduca\u00e7\u00e3o Musical"},"content":{"rendered":"<p style=\"text-align: left;\">O curso visa\u00a0formar profissionais especializados e capacitados em lidar com a neuroci\u00eancia, psicologia e educa\u00e7\u00e3o, a fim de compreender como a mente percebe, interpreta, apreende e comanda a m\u00fasica, como tamb\u00e9m, desvendar os processos an\u00e1tomo fisiol\u00f3gicos envolvidos na percep\u00e7\u00e3o, aprendizagem e cogni\u00e7\u00e3o musical. Composto de\u00a012 m\u00f3dulos EAD com aplica\u00e7\u00f5es te\u00f3rico\/pr\u00e1ticas e acompanhamento online\/presencial.<\/p>\n<p class=\"\"><strong>Grade do curso<\/strong><\/p>\n<ul>\n<li class=\"\">Fundamentos da Neuroci\u00eancias<\/li>\n<li class=\"\">Neuroci\u00eancia e M\u00fasica I, II, III<\/li>\n<li class=\"\">M\u00fasica e Inclus\u00e3o<\/li>\n<li class=\"\">Aspectos Neuropsicol\u00f3gicos da Psicomotricidade<\/li>\n<li class=\"\">M\u00fasica e Idosos<\/li>\n<li class=\"\">Psicomotricidade e Aprendizagem<\/li>\n<li class=\"\">Neuroeduca\u00e7\u00e3o Musical<\/li>\n<li class=\"\">Projeto Final<\/li>\n<\/ul>\n<p class=\"\"><strong>Carga hor\u00e1ria<\/strong>: 420 h (incluindo projeto final de curso).<\/p>\n<p class=\"\"><strong>Metodologia:<\/strong>\u00a0EAD<\/p>\n<p class=\"\"><strong>Investimento<\/strong><\/p>\n<p class=\"\"><i class=\"fa fa-money\"><strong>A vista<\/strong>:\u00a0R$ 2.500\u00a0R$ 1.750 (boleto \/ cart\u00e3o at\u00e9 2x)<br \/>\n<i class=\"fa fa-credit-card\"><\/i>\u00a0<strong>Cart\u00e3o:<\/strong>\u00a012 x\u00a0R$ 244\u00a0R$ 167,46<br \/>\n<i class=\"fa fa-barcode\"><\/i>\u00a0<strong>Boleto:<\/strong>\u00a012 x\u00a0R$ 240\u00a0R$ 168,00<\/i><\/p>\n<p class=\"\"><strong>Base Legal<\/strong><\/p>\n<p>A p\u00f3s-gradua\u00e7\u00e3o em Neuroeduca\u00e7\u00e3o Musical \u00e9 ofertado tendo como base legal a Legisla\u00e7\u00e3o Educacional Nacional, Resolu\u00e7\u00e3o 1\/2018 CNE\/CES, Regimento Escolar e Autoriza\u00e7\u00e3o de cria\u00e7\u00e3o funcionamento de cursos de p\u00f3s-gradua\u00e7\u00e3o da institui\u00e7\u00e3o.<\/p>\n<ul>\n<li><a href=\"https:\/\/grupoevolucao.com\/pdf\/RESOLUCAO_POS_FTP_2020018.pdf\" target=\"_blank\" rel=\"noopener noreferrer\">Resolu\u00e7\u00e3o FTP 01\/2020<\/a><\/li>\n<li><a href=\"https:\/\/emec.mec.gov.br\/emec\/consulta-cadastro\/detalhamento\/d96957f455f6405d14c6542552b0f6eb\/NDM1NQ==\/93916316abe23148507bd4c260e4b878\/MTI2Mzkx\" target=\"_blank\" rel=\"noopener noreferrer\">Autoriza\u00e7\u00e3o de Oferta e-MEC<\/a><\/li>\n<\/ul>\n","protected":false},"excerpt":{"rendered":"<p>O curso visa\u00a0formar profissionais especializados e capacitados em lidar com a neuroci\u00eancia, psicologia e educa\u00e7\u00e3o, a fim de compreender como a mente percebe, interpreta, apreende e comanda a m\u00fasica, como tamb\u00e9m, desvendar os processos an\u00e1tomo fisiol\u00f3gicos envolvidos na percep\u00e7\u00e3o, aprendizagem e cogni\u00e7\u00e3o musical. Composto de\u00a012 m\u00f3dulos EAD com aplica\u00e7\u00f5es te\u00f3rico\/pr\u00e1ticas&#8230;<\/p>\n","protected":false},"author":1,"featured_media":2866,"comment_status":"open","ping_status":"open","sticky":false,"template":"","format":"standard","meta":{"_acf_changed":false,"footnotes":""},"categories":[3],"tags":[],"acf":[],"_links":{"self":[{"href":"https:\/\/www.neuroeducacaomusical.com.br\/ead\/wp-json\/wp\/v2\/posts\/177"}],"collection":[{"href":"https:\/\/www.neuroeducacaomusical.com.br\/ead\/wp-json\/wp\/v2\/posts"}],"about":[{"href":"https:\/\/www.neuroeducacaomusical.com.br\/ead\/wp-json\/wp\/v2\/types\/post"}],"author":[{"embeddable":true,"href":"https:\/\/www.neuroeducacaomusical.com.br\/ead\/wp-json\/wp\/v2\/users\/1"}],"replies":[{"embeddable":true,"href":"https:\/\/www.neuroeducacaomusical.com.br\/ead\/wp-json\/wp\/v2\/comments?post=177"}],"version-history":[{"count":2,"href":"https:\/\/www.neuroeducacaomusical.com.br\/ead\/wp-json\/wp\/v2\/posts\/177\/revisions"}],"predecessor-version":[{"id":2987,"href":"https:\/\/www.neuroeducacaomusical.com.br\/ead\/wp-json\/wp\/v2\/posts\/177\/revisions\/2987"}],"wp:featuredmedia":[{"embeddable":true,"href":"https:\/\/www.neuroeducacaomusical.com.br\/ead\/wp-json\/wp\/v2\/media\/2866"}],"wp:attachment":[{"href":"https:\/\/www.neuroeducacaomusical.com.br\/ead\/wp-json\/wp\/v2\/media?parent=177"}],"wp:term":[{"taxonomy":"category","embeddable":true,"href":"https:\/\/www.neuroeducacaomusical.com.br\/ead\/wp-json\/wp\/v2\/categories?post=177"},{"taxonomy":"post_tag","embeddable":true,"href":"https:\/\/www.neuroeducacaomusical.com.br\/ead\/wp-json\/wp\/v2\/tags?post=177"}],"curies":[{"name":"wp","href":"https:\/\/api.w.org\/{rel}","templated":true}]}}