{"id":1154,"date":"2020-07-16T03:21:32","date_gmt":"2020-07-16T03:21:32","guid":{"rendered":"https:\/\/www.neuroeducacaomusical.com.br\/?p=1154"},"modified":"2020-07-16T11:12:01","modified_gmt":"2020-07-16T11:12:01","slug":"as-aulas-de-musica-em-tempo-de-isolamento-social","status":"publish","type":"post","link":"https:\/\/www.neuroeducacaomusical.com.br\/ead\/as-aulas-de-musica-em-tempo-de-isolamento-social\/","title":{"rendered":"As aulas de m\u00fasica em tempo de isolamento social"},"content":{"rendered":"\n<p>Dia: 27 de julho de 2020<\/p>\n\n\n\n<p>Hor\u00e1rio: 14 horas<\/p>\n\n\n\n<p>Sala : 01<\/p>\n\n\n\n<p>Informa\u00e7\u00f5es: <a rel=\"noreferrer noopener\" href=\"http:\/\/www.escolasdemusica.com.br\/?fbclid=IwAR2fD0-1LKQBp1EunP4LUYrX7HryhiLffs-5VwQztlf1I71IG_lb9sqgPEI\" target=\"_blank\">www.escolasdemusica.com.br<\/a><br><\/p>\n","protected":false},"excerpt":{"rendered":"<p>Dia: 27 de julho de 2020 Hor\u00e1rio: 14 horas Sala : 01 Informa\u00e7\u00f5es: www.escolasdemusica.com.br<\/p>\n","protected":false},"author":3,"featured_media":1155,"comment_status":"closed","ping_status":"closed","sticky":false,"template":"","format":"standard","meta":{"_acf_changed":false,"footnotes":""},"categories":[4],"tags":[],"acf":[],"_links":{"self":[{"href":"https:\/\/www.neuroeducacaomusical.com.br\/ead\/wp-json\/wp\/v2\/posts\/1154"}],"collection":[{"href":"https:\/\/www.neuroeducacaomusical.com.br\/ead\/wp-json\/wp\/v2\/posts"}],"about":[{"href":"https:\/\/www.neuroeducacaomusical.com.br\/ead\/wp-json\/wp\/v2\/types\/post"}],"author":[{"embeddable":true,"href":"https:\/\/www.neuroeducacaomusical.com.br\/ead\/wp-json\/wp\/v2\/users\/3"}],"replies":[{"embeddable":true,"href":"https:\/\/www.neuroeducacaomusical.com.br\/ead\/wp-json\/wp\/v2\/comments?post=1154"}],"version-history":[{"count":1,"href":"https:\/\/www.neuroeducacaomusical.com.br\/ead\/wp-json\/wp\/v2\/posts\/1154\/revisions"}],"predecessor-version":[{"id":1156,"href":"https:\/\/www.neuroeducacaomusical.com.br\/ead\/wp-json\/wp\/v2\/posts\/1154\/revisions\/1156"}],"wp:featuredmedia":[{"embeddable":true,"href":"https:\/\/www.neuroeducacaomusical.com.br\/ead\/wp-json\/wp\/v2\/media\/1155"}],"wp:attachment":[{"href":"https:\/\/www.neuroeducacaomusical.com.br\/ead\/wp-json\/wp\/v2\/media?parent=1154"}],"wp:term":[{"taxonomy":"category","embeddable":true,"href":"https:\/\/www.neuroeducacaomusical.com.br\/ead\/wp-json\/wp\/v2\/categories?post=1154"},{"taxonomy":"post_tag","embeddable":true,"href":"https:\/\/www.neuroeducacaomusical.com.br\/ead\/wp-json\/wp\/v2\/tags?post=1154"}],"curies":[{"name":"wp","href":"https:\/\/api.w.org\/{rel}","templated":true}]}}