{"id":1151,"date":"2020-07-16T03:18:15","date_gmt":"2020-07-16T03:18:15","guid":{"rendered":"https:\/\/www.neuroeducacaomusical.com.br\/?p=1151"},"modified":"2020-07-16T11:11:45","modified_gmt":"2020-07-16T11:11:45","slug":"a-musica-como-recurso-didatico-na-educacao-3","status":"publish","type":"post","link":"https:\/\/www.neuroeducacaomusical.com.br\/ead\/a-musica-como-recurso-didatico-na-educacao-3\/","title":{"rendered":"A M\u00fasica como Recurso Did\u00e1tico na Educa\u00e7\u00e3o"},"content":{"rendered":"\n<p>Dia: 18 de julho de 2020<\/p>\n\n\n\n<p>Hor\u00e1rio: 10:00 \u00e0s 13:00 horas<\/p>\n\n\n\n<p>Informa\u00e7\u00f5es: \u00a0Sobre formas de pagamento e inscri\u00e7\u00f5es, chame no WhatsApp (54) 984022435 ou pelo email: primeirotomeducacaomusical@gmail.com \u2013 Andr\u00e9 de Oliveira \u2013 Primeiro Tom Educa\u00e7\u00e3o Musical.<\/p>\n\n\n\n<p><\/p>\n","protected":false},"excerpt":{"rendered":"<p>Dia: 18 de julho de 2020 Hor\u00e1rio: 10:00 \u00e0s 13:00 horas Informa\u00e7\u00f5es: \u00a0Sobre formas de pagamento e inscri\u00e7\u00f5es, chame no WhatsApp (54) 984022435 ou pelo email: primeirotomeducacaomusical@gmail.com \u2013 Andr\u00e9 de Oliveira \u2013 Primeiro Tom Educa\u00e7\u00e3o Musical.<\/p>\n","protected":false},"author":3,"featured_media":1152,"comment_status":"closed","ping_status":"closed","sticky":false,"template":"","format":"standard","meta":{"_acf_changed":false,"footnotes":""},"categories":[4],"tags":[],"acf":[],"_links":{"self":[{"href":"https:\/\/www.neuroeducacaomusical.com.br\/ead\/wp-json\/wp\/v2\/posts\/1151"}],"collection":[{"href":"https:\/\/www.neuroeducacaomusical.com.br\/ead\/wp-json\/wp\/v2\/posts"}],"about":[{"href":"https:\/\/www.neuroeducacaomusical.com.br\/ead\/wp-json\/wp\/v2\/types\/post"}],"author":[{"embeddable":true,"href":"https:\/\/www.neuroeducacaomusical.com.br\/ead\/wp-json\/wp\/v2\/users\/3"}],"replies":[{"embeddable":true,"href":"https:\/\/www.neuroeducacaomusical.com.br\/ead\/wp-json\/wp\/v2\/comments?post=1151"}],"version-history":[{"count":1,"href":"https:\/\/www.neuroeducacaomusical.com.br\/ead\/wp-json\/wp\/v2\/posts\/1151\/revisions"}],"predecessor-version":[{"id":1153,"href":"https:\/\/www.neuroeducacaomusical.com.br\/ead\/wp-json\/wp\/v2\/posts\/1151\/revisions\/1153"}],"wp:featuredmedia":[{"embeddable":true,"href":"https:\/\/www.neuroeducacaomusical.com.br\/ead\/wp-json\/wp\/v2\/media\/1152"}],"wp:attachment":[{"href":"https:\/\/www.neuroeducacaomusical.com.br\/ead\/wp-json\/wp\/v2\/media?parent=1151"}],"wp:term":[{"taxonomy":"category","embeddable":true,"href":"https:\/\/www.neuroeducacaomusical.com.br\/ead\/wp-json\/wp\/v2\/categories?post=1151"},{"taxonomy":"post_tag","embeddable":true,"href":"https:\/\/www.neuroeducacaomusical.com.br\/ead\/wp-json\/wp\/v2\/tags?post=1151"}],"curies":[{"name":"wp","href":"https:\/\/api.w.org\/{rel}","templated":true}]}}