{"id":1113,"date":"2020-06-22T12:04:09","date_gmt":"2020-06-22T12:04:09","guid":{"rendered":"https:\/\/www.neuroeducacaomusical.com.br\/?p=1113"},"modified":"2020-06-22T12:04:13","modified_gmt":"2020-06-22T12:04:13","slug":"emjmlive","status":"publish","type":"post","link":"https:\/\/www.neuroeducacaomusical.com.br\/ead\/emjmlive\/","title":{"rendered":"EMJM#Live"},"content":{"rendered":"\n<p>A Contribui\u00e7\u00e3o da M\u00fasica no Desenvolvimento Global do Aluno.<\/p>\n\n\n\n<p>25\/06 (quinta feira), 20 horas.<\/p>\n\n\n\n<p>Convidada: J\u00falia Holanda &#8211;  @juliaholanda.tiajuju<\/p>\n\n\n\n<p>Realiza\u00e7\u00e3o: Juliana Mendon\u00e7a Escola de M\u00fasica  &#8211;  @emjm_escolademusica<\/p>\n","protected":false},"excerpt":{"rendered":"<p>A Contribui\u00e7\u00e3o da M\u00fasica no Desenvolvimento Global do Aluno. 25\/06 (quinta feira), 20 horas. Convidada: J\u00falia Holanda &#8211; @juliaholanda.tiajuju Realiza\u00e7\u00e3o: Juliana Mendon\u00e7a Escola de M\u00fasica &#8211; @emjm_escolademusica<\/p>\n","protected":false},"author":3,"featured_media":1114,"comment_status":"open","ping_status":"open","sticky":false,"template":"","format":"standard","meta":{"_acf_changed":false,"footnotes":""},"categories":[4],"tags":[],"acf":[],"_links":{"self":[{"href":"https:\/\/www.neuroeducacaomusical.com.br\/ead\/wp-json\/wp\/v2\/posts\/1113"}],"collection":[{"href":"https:\/\/www.neuroeducacaomusical.com.br\/ead\/wp-json\/wp\/v2\/posts"}],"about":[{"href":"https:\/\/www.neuroeducacaomusical.com.br\/ead\/wp-json\/wp\/v2\/types\/post"}],"author":[{"embeddable":true,"href":"https:\/\/www.neuroeducacaomusical.com.br\/ead\/wp-json\/wp\/v2\/users\/3"}],"replies":[{"embeddable":true,"href":"https:\/\/www.neuroeducacaomusical.com.br\/ead\/wp-json\/wp\/v2\/comments?post=1113"}],"version-history":[{"count":2,"href":"https:\/\/www.neuroeducacaomusical.com.br\/ead\/wp-json\/wp\/v2\/posts\/1113\/revisions"}],"predecessor-version":[{"id":1117,"href":"https:\/\/www.neuroeducacaomusical.com.br\/ead\/wp-json\/wp\/v2\/posts\/1113\/revisions\/1117"}],"wp:featuredmedia":[{"embeddable":true,"href":"https:\/\/www.neuroeducacaomusical.com.br\/ead\/wp-json\/wp\/v2\/media\/1114"}],"wp:attachment":[{"href":"https:\/\/www.neuroeducacaomusical.com.br\/ead\/wp-json\/wp\/v2\/media?parent=1113"}],"wp:term":[{"taxonomy":"category","embeddable":true,"href":"https:\/\/www.neuroeducacaomusical.com.br\/ead\/wp-json\/wp\/v2\/categories?post=1113"},{"taxonomy":"post_tag","embeddable":true,"href":"https:\/\/www.neuroeducacaomusical.com.br\/ead\/wp-json\/wp\/v2\/tags?post=1113"}],"curies":[{"name":"wp","href":"https:\/\/api.w.org\/{rel}","templated":true}]}}